{"id":206057,"date":"2025-12-29T10:41:13","date_gmt":"2025-12-29T10:41:13","guid":{"rendered":"https:\/\/www.europesays.com\/pt\/206057\/"},"modified":"2025-12-29T10:41:13","modified_gmt":"2025-12-29T10:41:13","slug":"moscovo-apela-a-kiev-retirada-de-tropas-de-donetsk-observador","status":"publish","type":"post","link":"https:\/\/www.europesays.com\/pt\/206057\/","title":{"rendered":"Moscovo apela a Kiev retirada de tropas de Donetsk \u2013 Observador"},"content":{"rendered":"<p><a href=\"https:\/\/observador.pt\/liveblogs\/zelensky-e-trump-vao-reunir-se-este-domingo-lavrov-diz-que-tropas-europeias-na-ucrania-serao-alvos-legitimos\/\" rel=\"nofollow noopener\" target=\"_blank\">Siga aqui o nosso artigo em direto sobre a guerra na Ucr\u00e2nia<\/a><\/p>\n<p>A R\u00fassia apelou este domingo \u00e0 Ucr\u00e2nia para que aceite a retirada de tropas da regi\u00e3o de Donetsk a fim de acabar a guerra, ap\u00f3s uma conversa telef\u00f3nica entre o Presidente russo e o hom\u00f3logo norte-americano.<\/p>\n<p>\u201cPara p\u00f4r fim [ao conflito], Kiev precisa de tomar uma decis\u00e3o corajosa. Seria sensato tomar esta decis\u00e3o em rela\u00e7\u00e3o ao Donbass [que agrega a regi\u00e3o de Donetsk] sem demora\u201d, declarou aos jornalistas o conselheiro diplom\u00e1tico do Kremlin, Yuri Ushakov.<\/p>\n<p>A retirada das tropas ucranianas dos cerca de 20% da regi\u00e3o leste de Donetsk que ainda controlam \u00e9 uma das principais exig\u00eancias da R\u00fassia para o fim da guerra iniciada em 2022.<\/p>\n<p>No encontro com o hom\u00f3logo norte-americano, na resid\u00eancia de f\u00e9rias de Donald Trump em West Palm Beach, na Florida, o Presidente da Ucr\u00e2nia, Volodymyr Zelensky, procura a aprova\u00e7\u00e3o para uma nova vers\u00e3o do plano de paz para a Ucr\u00e2nia, apresentado por Washington h\u00e1 quase um m\u00eas.<\/p>\n<p>O Presidente ucraniano apresentou esta semana a nova vers\u00e3o do documento, reformulada ap\u00f3s duras negocia\u00e7\u00f5es exigidas por Kiev, que considerou a primeira vers\u00e3o muito pr\u00f3xima das exig\u00eancias russas.<\/p>\n<p>O novo documento abandona duas exig\u00eancias fundamentais do Kremlin: a retirada das tropas ucranianas da regi\u00e3o de Donetsk e um compromisso juridicamente vinculativo da Ucr\u00e2nia de n\u00e3o aderir \u00e0 NATO.<\/p>\n<p>A R\u00fassia rejeita uma simples pausa nas hostilidades, argumentando que iria permitir \u00e0 Ucr\u00e2nia rearmar-se.<\/p>\n<p>Em vez disso, deseja trabalhar em prol de uma resolu\u00e7\u00e3o definitiva das \u201ccausas profundas\u201d do conflito, segundo Yuri Ushakov, que adiantou que a conversa telef\u00f3nica entre Putin e Trump horas antes do encontro do Presidente norte-americano com o hom\u00f3logo ucraniano decorreu \u201cnuma atmosfera amig\u00e1vel\u201d e por iniciativa de Trump.<\/p>\n<p>Putin e Trump concordaram em voltar a falar ao telefone ap\u00f3s o encontro entre o Presidente norte-americano e Zelensky, adiantou o conselheiro diplom\u00e1tico do Kremlin, assinalando que \u201ca R\u00fassia e os Estados Unidos partilham a mesma opini\u00e3o de que a proposta ucraniana e europeia de um cessar-fogo tempor\u00e1rio (\u2026) apenas prolongaria o conflito e levaria a um retomar das hostilidades\u201d.<\/p>\n","protected":false},"excerpt":{"rendered":"Siga aqui o nosso artigo em direto sobre a guerra na Ucr\u00e2nia A R\u00fassia apelou este domingo \u00e0&hellip;\n","protected":false},"author":2,"featured_media":206058,"comment_status":"","ping_status":"","sticky":false,"template":"","format":"standard","meta":{"footnotes":""},"categories":[50],"tags":[27,28,3107,445,15,16,1123,14,25,26,21,22,62,12,13,19,20,23,24,3879,17,18,1124,29,30,31,63,64,65],"class_list":{"0":"post-206057","1":"post","2":"type-post","3":"status-publish","4":"format-standard","5":"has-post-thumbnail","7":"category-mundo","8":"tag-breaking-news","9":"tag-breakingnews","10":"tag-donetsk","11":"tag-europa","12":"tag-featured-news","13":"tag-featurednews","14":"tag-guerra-na-ucru00e2nia","15":"tag-headlines","16":"tag-latest-news","17":"tag-latestnews","18":"tag-main-news","19":"tag-mainnews","20":"tag-mundo","21":"tag-news","22":"tag-noticias","23":"tag-noticias-principais","24":"tag-noticiasprincipais","25":"tag-principais-noticias","26":"tag-principaisnoticias","27":"tag-ru00fassia","28":"tag-top-stories","29":"tag-topstories","30":"tag-ucru00e2nia","31":"tag-ultimas","32":"tag-ultimas-noticias","33":"tag-ultimasnoticias","34":"tag-world","35":"tag-world-news","36":"tag-worldnews"},"share_on_mastodon":{"url":"https:\/\/pubeurope.com\/@pt\/115802438614892918","error":""},"_links":{"self":[{"href":"https:\/\/www.europesays.com\/pt\/wp-json\/wp\/v2\/posts\/206057","targetHints":{"allow":["GET"]}}],"collection":[{"href":"https:\/\/www.europesays.com\/pt\/wp-json\/wp\/v2\/posts"}],"about":[{"href":"https:\/\/www.europesays.com\/pt\/wp-json\/wp\/v2\/types\/post"}],"author":[{"embeddable":true,"href":"https:\/\/www.europesays.com\/pt\/wp-json\/wp\/v2\/users\/2"}],"replies":[{"embeddable":true,"href":"https:\/\/www.europesays.com\/pt\/wp-json\/wp\/v2\/comments?post=206057"}],"version-history":[{"count":0,"href":"https:\/\/www.europesays.com\/pt\/wp-json\/wp\/v2\/posts\/206057\/revisions"}],"wp:featuredmedia":[{"embeddable":true,"href":"https:\/\/www.europesays.com\/pt\/wp-json\/wp\/v2\/media\/206058"}],"wp:attachment":[{"href":"https:\/\/www.europesays.com\/pt\/wp-json\/wp\/v2\/media?parent=206057"}],"wp:term":[{"taxonomy":"category","embeddable":true,"href":"https:\/\/www.europesays.com\/pt\/wp-json\/wp\/v2\/categories?post=206057"},{"taxonomy":"post_tag","embeddable":true,"href":"https:\/\/www.europesays.com\/pt\/wp-json\/wp\/v2\/tags?post=206057"}],"curies":[{"name":"wp","href":"https:\/\/api.w.org\/{rel}","templated":true}]}}