{"id":206059,"date":"2025-12-29T10:42:08","date_gmt":"2025-12-29T10:42:08","guid":{"rendered":"https:\/\/www.europesays.com\/pt\/206059\/"},"modified":"2025-12-29T10:42:08","modified_gmt":"2025-12-29T10:42:08","slug":"tres-urgencias-de-ginecologia-e-obstetricia-fechadas-espera-em-urgencias-gerais-alarga-se","status":"publish","type":"post","link":"https:\/\/www.europesays.com\/pt\/206059\/","title":{"rendered":"Tr\u00eas urg\u00eancias de ginecologia e obstetr\u00edcia fechadas. Espera em urg\u00eancias gerais alarga-se"},"content":{"rendered":"<p>                Os servi\u00e7os de urg\u00eancia de ginecologia e obstetr\u00edcia dos hospitais de Barreiro e Santar\u00e9m est\u00e3o esta segunda-feira de portas fechadas. No Hospital de Portim\u00e3o, apenas a urg\u00eancia obst\u00e9trica se encontra encerrada. H\u00e1 ainda condicionamentos em pelo menos oito servi\u00e7os do pa\u00eds.<\/p>\n<p><b>No caso da urg\u00eancia de ginecologia e obstetr\u00edcia do Hospital de Braga, s\u00e3o apenas atendidos os casos de urg\u00eancia referenciados por CODU, INEM e Linha SNS24<\/b>.O bloco de partos do Hospital do Barreiro s\u00f3 dever\u00e1 reabrir a 3 de janeiro.<br \/>&#13;\n<\/p>\n<p><b>Nos hospitais de Vila Franca de Xira, Beatriz \u00c2ngelo, em Loures, e Barcelos, as urg\u00eancias de pediatria t\u00eam condicionamentos em determinados per\u00edodos do dia<\/b>.<\/p>\n<p><b>A situa\u00e7\u00e3o repete-se nas urg\u00eancias obst\u00e9tricas de Abrantes, S\u00e3o Francisco Xavier, em Lisboa, no Hospital Amadora-Sintra e em Leiria<\/b>.<br \/>&#13;<br \/>\nTempos de espera<br \/>&#13;<br \/>\n&#13;<br \/>\n<br \/>&#13;<br \/>\nNa manh\u00e3 de domingo, o tempo m\u00e9dio de espera nas urg\u00eancias hospitalares do Servi\u00e7o Nacional de Sa\u00fade era de aproximadamente tr\u00eas horas para doentes considerados urgentes e de 49 minutos para os casos muito urgentes.<\/p>\n<p>Ao in\u00edcio da tarde, todavia, no Hospital Fernando Fonseca, ou Amadora-Sintra, aguardava-se j\u00e1 mais de 12 horas pela primeira observa\u00e7\u00e3o nas urg\u00eancias gerais \u2013 os doentes com pulseira amarela esperavam 12 horas e 36 minutos, ao passo que os doentes triados com pulseira verde, ou pouco urgentes, tinham por diante uma espera de mais de 20 horas.<\/p>\n<p>          <img decoding=\"async\" itemprop=\"image\" class=\"img-fluid\"   src=\"https:\/\/www.europesays.com\/pt\/wp-content\/uploads\/2025\/12\/9aea64bec065e2158fff8742ba1549d0_N.jpg\"\/><\/p>\n<p>Bom Dia Portugal | 29 de dezembro de 2025<br \/>&#13;<\/p>\n<p>\n<b>Na manh\u00e3 desta segunda-feira, no mesmo hospital, o tempo de espera para utentes com pulseira amarela era de cerca de 13 horas<\/b>, segundo o portal do Servi\u00e7o Nacional de Sa\u00fade.Pelas 8h00, 19 doentes com pulseira amarela no Hospital Professor Doutor Fernando da Fonseca enfrentavam 12 horas e 41 minutos de espera pela primeira observa\u00e7\u00e3o. Catorze doentes triados como pouco urgentes tinham um tempo de espera de 19 horas e 32 minutos.<br \/>&#13;<\/p>\n<p><b>Em Loures, 22 utentes com pulseira amarela aguardavam mais de sete horas e no Hospital de Santa Maria, em Lisboa, a espera de doentes classificados como urgentes era de quase seis horas<\/b>. <\/p>\n<p>A norte, <b>em Vila Nova de Gaia, a primeira observa\u00e7\u00e3o no Hospital Santos Silva levava \u00e0s 8h00 quatro horas e 36 minutos<\/b>.<\/p>\n<p>Perante o agravamento dos casos de gripe verificado nos \u00faltimos dias, os especialistas est\u00e3o a apelar \u00e0 popula\u00e7\u00e3o para que se vacine e recorra a m\u00e1scaras.<\/p>\n<p>          <img decoding=\"async\" itemprop=\"image\" class=\"img-fluid\"   src=\"https:\/\/www.europesays.com\/pt\/wp-content\/uploads\/2025\/12\/cfd9233bb80b616973f2510a63f38d80.jpeg\"\/><\/p>\n<p>Telejornal | 29 de dezembro de 2025<\/p>\n<p>Com o agravamento do frio e uma estirpe de gripe que se dissemina com facilidade, <b>espera-se dias dif\u00edceis nas urg\u00eancias dos hospitais<\/b>.<\/p>\n<p>As autoridades de sa\u00fade pedem \u00e0s popula\u00e7\u00f5es para que contactem a Linha SNS24 (808 24 24 24) antes de procurarem as urg\u00eancias.<\/p>\n<p>c\/ Lusa&#13;\n            <\/p>\n","protected":false},"excerpt":{"rendered":"Os servi\u00e7os de urg\u00eancia de ginecologia e obstetr\u00edcia dos hospitais de Barreiro e Santar\u00e9m est\u00e3o esta segunda-feira de&hellip;\n","protected":false},"author":2,"featured_media":206060,"comment_status":"","ping_status":"","sticky":false,"template":"","format":"standard","meta":{"footnotes":""},"categories":[10],"tags":[27,28,39224,15,16,21353,14,2648,25,26,21,22,12,13,19,20,20356,24123,32,23,24,33,1297,2649,25854,17,18,29,30,31,6954],"class_list":{"0":"post-206059","1":"post","2":"type-post","3":"status-publish","4":"format-standard","5":"has-post-thumbnail","7":"category-portugal","8":"tag-breaking-news","9":"tag-breakingnews","10":"tag-espera","11":"tag-featured-news","12":"tag-featurednews","13":"tag-ginecologia","14":"tag-headlines","15":"tag-hospitais","16":"tag-latest-news","17":"tag-latestnews","18":"tag-main-news","19":"tag-mainnews","20":"tag-news","21":"tag-noticias","22":"tag-noticias-principais","23":"tag-noticiasprincipais","24":"tag-obstetricia","25":"tag-pediatria","26":"tag-portugal","27":"tag-principais-noticias","28":"tag-principaisnoticias","29":"tag-pt","30":"tag-servicos","31":"tag-sns","32":"tag-tempos","33":"tag-top-stories","34":"tag-topstories","35":"tag-ultimas","36":"tag-ultimas-noticias","37":"tag-ultimasnoticias","38":"tag-urgencias"},"share_on_mastodon":{"url":"https:\/\/pubeurope.com\/@pt\/115802442609459465","error":""},"_links":{"self":[{"href":"https:\/\/www.europesays.com\/pt\/wp-json\/wp\/v2\/posts\/206059","targetHints":{"allow":["GET"]}}],"collection":[{"href":"https:\/\/www.europesays.com\/pt\/wp-json\/wp\/v2\/posts"}],"about":[{"href":"https:\/\/www.europesays.com\/pt\/wp-json\/wp\/v2\/types\/post"}],"author":[{"embeddable":true,"href":"https:\/\/www.europesays.com\/pt\/wp-json\/wp\/v2\/users\/2"}],"replies":[{"embeddable":true,"href":"https:\/\/www.europesays.com\/pt\/wp-json\/wp\/v2\/comments?post=206059"}],"version-history":[{"count":0,"href":"https:\/\/www.europesays.com\/pt\/wp-json\/wp\/v2\/posts\/206059\/revisions"}],"wp:featuredmedia":[{"embeddable":true,"href":"https:\/\/www.europesays.com\/pt\/wp-json\/wp\/v2\/media\/206060"}],"wp:attachment":[{"href":"https:\/\/www.europesays.com\/pt\/wp-json\/wp\/v2\/media?parent=206059"}],"wp:term":[{"taxonomy":"category","embeddable":true,"href":"https:\/\/www.europesays.com\/pt\/wp-json\/wp\/v2\/categories?post=206059"},{"taxonomy":"post_tag","embeddable":true,"href":"https:\/\/www.europesays.com\/pt\/wp-json\/wp\/v2\/tags?post=206059"}],"curies":[{"name":"wp","href":"https:\/\/api.w.org\/{rel}","templated":true}]}}