{"id":206061,"date":"2025-12-29T10:43:10","date_gmt":"2025-12-29T10:43:10","guid":{"rendered":"https:\/\/www.europesays.com\/pt\/206061\/"},"modified":"2025-12-29T10:43:10","modified_gmt":"2025-12-29T10:43:10","slug":"ha-um-candidato-que-se-especializou-em-dizer-mal-de-mim-observador","status":"publish","type":"post","link":"https:\/\/www.europesays.com\/pt\/206061\/","title":{"rendered":"&#8220;H\u00e1 um candidato que se especializou em dizer mal de mim&#8221; \u2013 Observador"},"content":{"rendered":"<p>O candidato presidencial Lu\u00eds Marques Mendes considerou, este domingo, \u201cat\u00edpico\u201d o facto de nesta campanha eleitoral haver \u201cum candidato, que talvez em constante desespero pelas sondagens, se especializou em dizer mal\u201d.<\/p>\n<p>\u201cH\u00e1 um candidato que se especializou em dizer mal de mim. Tem de dizer mal de mim e da minha candidatura todos os dias. Todos os dias s\u00e3o ataques pessoais. Todos os dias s\u00e3o insinua\u00e7\u00f5es. Sempre sem provas. Todos os dias est\u00e1 obcecado pela minha candidatura\u201d, afirmou Marques Mendes durante um almo\u00e7o com apoiantes no Fund\u00e3o, no distrito de Castelo Branco.<\/p>\n<p>Sem nomear Henrique Gouveia e Melo, que este domingo voltou a referir-se a Marques Mendes, para criticar a sua participa\u00e7\u00e3o no Conselho de Estado, o candidato apoiado pelo PSD e o CDS-PP disse que o objetivo desses ataques \u00e9 tentar desanim\u00e1-lo e condicion\u00e1-lo.<\/p>\n<p>\u201cMas se pensam que me condicionam, est\u00e3o enganados. Se pensam que me desanimam, tirem o cavalinho da chuva. Eu estou aqui para fazer uma campanha sem responder a provoca\u00e7\u00f5es populistas, a falar do pa\u00eds, dos problemas dos portugueses e a apresentar medidas e propostas positivas para o nosso futuro\u201d, afirmou.<\/p>\n<p>Em contraponto a \u201calguns, que querem casos e casinhos, eu quero falar de causas. De causas para o pa\u00eds\u201d, sublinhou.<\/p>\n<p>Marques Mendes defendeu que \u201c\u00e9 normal, \u00e9 natural e \u00e9 desej\u00e1vel que neste arranque de campanha se fale ao pa\u00eds e se fale do pa\u00eds\u201d, dizendo ser essa a sua postura.<\/p>\n<p>O candidato tamb\u00e9m visitou duas Institui\u00e7\u00f5es Particulares de Solidariedade Social, a Mutualista na Covilh\u00e3 e a Santa Casa da Miseric\u00f3rdia no Fund\u00e3o, terminando o p\u00e9riplo no Mercadinho de Natal em Castelo Branco.<\/p>\n<p>Na Beira Baixa voltou a sublinhar que uma das suas causas e que ser\u00e1 uma prioridade da sua presid\u00eancia, se for eleito, \u00e9 o interior, que, reitera, ser\u00e1 o tema central da sua primeira presid\u00eancia aberta, em Tr\u00e1s-os-Montes e Beiras, com foco na educa\u00e7\u00e3o e no emprego.<\/p>\n","protected":false},"excerpt":{"rendered":"O candidato presidencial Lu\u00eds Marques Mendes considerou, este domingo, \u201cat\u00edpico\u201d o facto de nesta campanha eleitoral haver \u201cum&hellip;\n","protected":false},"author":2,"featured_media":206062,"comment_status":"","ping_status":"","sticky":false,"template":"","format":"standard","meta":{"footnotes":""},"categories":[8],"tags":[27,28,1077,15,16,14,25,26,7604,21,22,12,13,19,20,57,302,32,1076,23,24,33,58,17,18,29,30,31],"class_list":{"0":"post-206061","1":"post","2":"type-post","3":"status-publish","4":"format-standard","5":"has-post-thumbnail","7":"category-principais-noticias","8":"tag-breaking-news","9":"tag-breakingnews","10":"tag-eleiu00e7u00f5es","11":"tag-featured-news","12":"tag-featurednews","13":"tag-headlines","14":"tag-latest-news","15":"tag-latestnews","16":"tag-luu00eds-marques-mendes","17":"tag-main-news","18":"tag-mainnews","19":"tag-news","20":"tag-noticias","21":"tag-noticias-principais","22":"tag-noticiasprincipais","23":"tag-pau00eds","24":"tag-polu00edtica","25":"tag-portugal","26":"tag-presidenciais-2026","27":"tag-principais-noticias","28":"tag-principaisnoticias","29":"tag-pt","30":"tag-sociedade","31":"tag-top-stories","32":"tag-topstories","33":"tag-ultimas","34":"tag-ultimas-noticias","35":"tag-ultimasnoticias"},"share_on_mastodon":{"url":"https:\/\/pubeurope.com\/@pt\/115802446440844155","error":""},"_links":{"self":[{"href":"https:\/\/www.europesays.com\/pt\/wp-json\/wp\/v2\/posts\/206061","targetHints":{"allow":["GET"]}}],"collection":[{"href":"https:\/\/www.europesays.com\/pt\/wp-json\/wp\/v2\/posts"}],"about":[{"href":"https:\/\/www.europesays.com\/pt\/wp-json\/wp\/v2\/types\/post"}],"author":[{"embeddable":true,"href":"https:\/\/www.europesays.com\/pt\/wp-json\/wp\/v2\/users\/2"}],"replies":[{"embeddable":true,"href":"https:\/\/www.europesays.com\/pt\/wp-json\/wp\/v2\/comments?post=206061"}],"version-history":[{"count":0,"href":"https:\/\/www.europesays.com\/pt\/wp-json\/wp\/v2\/posts\/206061\/revisions"}],"wp:featuredmedia":[{"embeddable":true,"href":"https:\/\/www.europesays.com\/pt\/wp-json\/wp\/v2\/media\/206062"}],"wp:attachment":[{"href":"https:\/\/www.europesays.com\/pt\/wp-json\/wp\/v2\/media?parent=206061"}],"wp:term":[{"taxonomy":"category","embeddable":true,"href":"https:\/\/www.europesays.com\/pt\/wp-json\/wp\/v2\/categories?post=206061"},{"taxonomy":"post_tag","embeddable":true,"href":"https:\/\/www.europesays.com\/pt\/wp-json\/wp\/v2\/tags?post=206061"}],"curies":[{"name":"wp","href":"https:\/\/api.w.org\/{rel}","templated":true}]}}