{"id":206075,"date":"2025-12-29T10:52:26","date_gmt":"2025-12-29T10:52:26","guid":{"rendered":"https:\/\/www.europesays.com\/pt\/206075\/"},"modified":"2025-12-29T10:52:26","modified_gmt":"2025-12-29T10:52:26","slug":"ruy-de-carvalho-internado-apos-avc-mas-em-situacao-estavel-teatro","status":"publish","type":"post","link":"https:\/\/www.europesays.com\/pt\/206075\/","title":{"rendered":"Ruy de Carvalho internado ap\u00f3s AVC, mas em situa\u00e7\u00e3o est\u00e1vel | Teatro"},"content":{"rendered":"<p>O actor Ruy de Carvalho, de 98 anos, encontra-se internado desde sexta-feira, 26 de Dezembro, na sequ\u00eancia de um ligeiro acidente vascular cerebral (AVC) mas em situa\u00e7\u00e3o est\u00e1vel, revelou este s\u00e1bado \u00e0 ag\u00eancia Lusa a filha do actor.<\/p>\n<p>\u201cNa sexta-feira, e por n\u00e3o se sentir muito bem, o <a href=\"https:\/\/www.publico.pt\/2023\/01\/18\/culturaipsilon\/entrevista\/ruy-carvalho-sinto-necessidade-cumprir-trabalho-destinado-2035373\" rel=\"nofollow noopener\" target=\"_blank\">nosso pai<\/a> foi internado. Ap\u00f3s a realiza\u00e7\u00e3o de exames, os m\u00e9dicos detectaram que sofrera um ligeiro acidente vascular cerebral, encontrando-se em franca recupera\u00e7\u00e3o e em situa\u00e7\u00e3o est\u00e1vel, mas mantendo-se internado sob observa\u00e7\u00e3o, uma vez que est\u00e1 a tr\u00eas meses de fazer 99 anos\u201d, acrescentou Paula Carvalho, frisando que o pai \u00e9 o actor mais velho em actividade em todo o mundo.<\/p>\n<p>A filha <a href=\"https:\/\/www.publico.pt\/2024\/10\/25\/culturaipsilon\/noticia\/papeis-ingles-venham-conhecer-ruy-duarte-carvalho-2108981\" rel=\"nofollow noopener\" target=\"_blank\">do actor <\/a>n\u00e3o precisou a localidade nem o estabelecimento hospitalar onde o pai se encontrado internado por motivos de \u201cpreserva\u00e7\u00e3o da intimidade\u201d, acrescentando que \u201ctodas e quaisquer informa\u00e7\u00f5es sobre o estado de sa\u00fade\u201d ser\u00e1 ela a fornec\u00ea-las.<\/p>\n<p>O internamento do actor obrigou ao cancelamento dos espect\u00e1culos da pe\u00e7a que protagoniza no Centro Cultural Malaposta, em Olival Basto (Odivelas), A Ratoeira, uma das hist\u00f3rias que especialistas de literatura consideram \u201cdas mais incr\u00edveis\u201d de Agatha Christie, em cena h\u00e1 mais de 70 anos e que tem batido recordes de bilheteira por todo o mundo, estando registada no Guinness Book of Records como a pe\u00e7a em cena h\u00e1 mais anos.<\/p>\n<p>\u00c9 a segunda vez que <a href=\"https:\/\/www.publico.pt\/2013\/05\/25\/culturaipsilon\/noticia\/actor-ruy-de-carvalho-acusa-governo-de-rapina-1595497\" rel=\"nofollow noopener\" target=\"_blank\">o actor<\/a> protagoniza esta hist\u00f3ria, embora interpretando personagens diferentes. Na primeira vez que subiu ao palco com A Ratoeira, nos anos 1960, Ruy de Carvalho fazia par com a actriz Maria Dulce. Armando Cortez, Jo\u00e3o Villaret, Rog\u00e9rio Paulo e Lili Neves (ainda viva e residente na Casa do Artista) foram, entre outros, os actores com quem contracenou na altura.<\/p>\n<p>Nesta segunda ingress\u00e3o no texto de Agatha Christie, Ruy de Carvalho \u00e9 encenado por Paulo Sousa Costa, numa produ\u00e7\u00e3o da Yellowstar estreada em 2020 e em que o protagonista de Rei Lear contracenava com o neto Henrique de Carvalho.<\/p>\n<p>Interrompidas as representa\u00e7\u00f5es devido \u00e0 pandemia de covid-19, a pe\u00e7a tem estado em cena desde ent\u00e3o, com digress\u00e3o por v\u00e1rias localidades portuguesas, Madeira e A\u00e7ores com salas quase sempre esgotadas. A interpretar A Ratoeira est\u00e3o tamb\u00e9m Elsa Galv\u00e3o, Jo\u00e3o Baptista, Jo\u00e3o Vilas, Lu\u00eds Pacheco, Sara Cec\u00edlia, S\u00e9rgio Moura Afonso e Sofia de Portugal.<\/p>\n<p>Rui Alberto Rebelo Pires de Carvalho, mais conhecido por <a href=\"https:\/\/www.publico.pt\/2019\/03\/04\/politica\/noticia\/cmtv-marcelo-emociona-actor-ruy-carvalho-video-parabens-1864120\" rel=\"nofollow noopener\" target=\"_blank\">Ruy de Carvalho<\/a>, nasceu a 1 de Mar\u00e7o de 1927, em Lisboa, tem uma carreira de 83 anos num percurso que congrega teatro, cinema, r\u00e1dio, televis\u00e3o. Iniciou-se no teatro, como amador, aos 15 anos, na pe\u00e7a O Jogo para o Natal de Cristo, de Luiz Francisco Rebello, estreada no Teatro da Trindade, em Lisboa, pelo ent\u00e3o grupo de Teatro da Mocidade Portuguesa, dirigido por Francisco Ribeiro, mais conhecido por Ribeirinho. A primeira vez que o actor representou data de Julho de 1936, com nove anos, no Teatro Municipal da Covilh\u00e3.<\/p>\n<p>Em 28 de Fevereiro de 2023, em v\u00e9speras da estreia da pe\u00e7a Ruy, a hist\u00f3ria devida, numa entrevista \u00e0 Lusa realizada no audit\u00f3rio do Taguspark, em Oeiras, o actor confessara que vai continuar a trabalhar e s\u00f3 para \u201cquando morrer\u201d. \u201cS\u00f3 quando morrer \u00e9 que paro, e isso leva um segundo\u201d, disse, na altura, Ruy de Carvalho, assegurando que s\u00f3 ent\u00e3o \u201ca menina vigia\u201d se \u201cir\u00e1 embora\u201d de si.<\/p>\n<p>Not\u00edcia corrigida \u00e0s 13h40: Ruy de Carvalho teve um AVC e n\u00e3o um enfarte do mioc\u00e1rdio, como inicialmente noticiado.<\/p>\n","protected":false},"excerpt":{"rendered":"O actor Ruy de Carvalho, de 98 anos, encontra-se internado desde sexta-feira, 26 de Dezembro, na sequ\u00eancia de&hellip;\n","protected":false},"author":2,"featured_media":206076,"comment_status":"","ping_status":"","sticky":false,"template":"","format":"standard","meta":{"footnotes":""},"categories":[85],"tags":[470,315,1413,114,115,32,33,2387,218],"class_list":{"0":"post-206075","1":"post","2":"type-post","3":"status-publish","4":"format-standard","5":"has-post-thumbnail","7":"category-entretenimento","8":"tag-cinema","9":"tag-cultura","10":"tag-cultura-ipsilon","11":"tag-entertainment","12":"tag-entretenimento","13":"tag-portugal","14":"tag-pt","15":"tag-teatro","16":"tag-televisao"},"share_on_mastodon":{"url":"https:\/\/pubeurope.com\/@pt\/115802482198922104","error":""},"_links":{"self":[{"href":"https:\/\/www.europesays.com\/pt\/wp-json\/wp\/v2\/posts\/206075","targetHints":{"allow":["GET"]}}],"collection":[{"href":"https:\/\/www.europesays.com\/pt\/wp-json\/wp\/v2\/posts"}],"about":[{"href":"https:\/\/www.europesays.com\/pt\/wp-json\/wp\/v2\/types\/post"}],"author":[{"embeddable":true,"href":"https:\/\/www.europesays.com\/pt\/wp-json\/wp\/v2\/users\/2"}],"replies":[{"embeddable":true,"href":"https:\/\/www.europesays.com\/pt\/wp-json\/wp\/v2\/comments?post=206075"}],"version-history":[{"count":0,"href":"https:\/\/www.europesays.com\/pt\/wp-json\/wp\/v2\/posts\/206075\/revisions"}],"wp:featuredmedia":[{"embeddable":true,"href":"https:\/\/www.europesays.com\/pt\/wp-json\/wp\/v2\/media\/206076"}],"wp:attachment":[{"href":"https:\/\/www.europesays.com\/pt\/wp-json\/wp\/v2\/media?parent=206075"}],"wp:term":[{"taxonomy":"category","embeddable":true,"href":"https:\/\/www.europesays.com\/pt\/wp-json\/wp\/v2\/categories?post=206075"},{"taxonomy":"post_tag","embeddable":true,"href":"https:\/\/www.europesays.com\/pt\/wp-json\/wp\/v2\/tags?post=206075"}],"curies":[{"name":"wp","href":"https:\/\/api.w.org\/{rel}","templated":true}]}}