{"id":206106,"date":"2025-12-29T11:10:30","date_gmt":"2025-12-29T11:10:30","guid":{"rendered":"https:\/\/www.europesays.com\/pt\/206106\/"},"modified":"2025-12-29T11:10:30","modified_gmt":"2025-12-29T11:10:30","slug":"resultados-classificacao-e-proxima-jornada-do-campeonato","status":"publish","type":"post","link":"https:\/\/www.europesays.com\/pt\/206106\/","title":{"rendered":"resultados, classifica\u00e7\u00e3o e pr\u00f3xima jornada do campeonato"},"content":{"rendered":"<p><strong>&#8211; S\u00e1bado, 27 de dezembro:<\/strong><\/p>\n<ul>\n<li>Caxinas &#8211; Torreense, 2-4<\/li>\n<li>Famalic\u00e3o &#8211; Quinta dos Lombos, 4-4<\/li>\n<\/ul>\n<p><strong>&#8211; Domingo, 28 de dezembro:<\/strong><\/p>\n<ul>\n<li>El\u00e9ctrico &#8211; Le\u00f5es de Porto Salvo, 7-3<\/li>\n<li>Fund\u00e3o &#8211; Sporting de Braga, 2-3<\/li>\n<li>Sporting &#8211; Rio Ave, 10-2<\/li>\n<\/ul>\n<p><strong>&#8211; Ter\u00e7a-feira, 30 de dezembro:<\/strong><\/p>\n<ul>\n<li>Benfica &#8211; Ferreira do Z\u00eazere, 20:30<\/li>\n<\/ul>\n<p><strong>Classifica\u00e7\u00e3o:<\/strong><\/p>\n<ol>\n<li>BENFICA 39 pontos<\/li>\n<li>SPORTING 36<\/li>\n<li>LE\u00d5ES DE PORTO SALVO 24<\/li>\n<li>FERREIRA DO Z\u00caZERE 20<\/li>\n<li>BRAGA 20<\/li>\n<li>RIO AVE 19<\/li>\n<li>QUINTA DOS LOMBOS 17<\/li>\n<li>TORREENSE 14<\/li>\n<li>EL\u00c9CTRICO 14<\/li>\n<li>FAMALIC\u00c3O 13<\/li>\n<li>FUND\u00c3O 12<\/li>\n<li>CAXINAS 10<\/li>\n<\/ol>\n<p><strong>&#8211; 15.\u00aa jornada, 8 de janeiro:<\/strong><\/p>\n<ul>\n<li>Quinta dos Lombos &#8211; Benfica<\/li>\n<li>Ferreira do Z\u00eazere &#8211; Sporting<\/li>\n<li>Rio Ave &#8211; Fund\u00e3o<\/li>\n<li>Braga &#8211; Caxinas<\/li>\n<li>Torreense &#8211; El\u00e9ctrico<\/li>\n<li>Le\u00f5es de Porto Salvo &#8211; Famalic\u00e3o<\/li>\n<\/ul>\n","protected":false},"excerpt":{"rendered":"&#8211; S\u00e1bado, 27 de dezembro: Caxinas &#8211; Torreense, 2-4 Famalic\u00e3o &#8211; Quinta dos Lombos, 4-4 &#8211; Domingo, 28&hellip;\n","protected":false},"author":2,"featured_media":206107,"comment_status":"","ping_status":"","sticky":false,"template":"","format":"standard","meta":{"footnotes":""},"categories":[10],"tags":[27,28,15,16,14,25,26,21,22,12,13,19,20,32,23,24,33,17,18,29,30,31],"class_list":{"0":"post-206106","1":"post","2":"type-post","3":"status-publish","4":"format-standard","5":"has-post-thumbnail","7":"category-portugal","8":"tag-breaking-news","9":"tag-breakingnews","10":"tag-featured-news","11":"tag-featurednews","12":"tag-headlines","13":"tag-latest-news","14":"tag-latestnews","15":"tag-main-news","16":"tag-mainnews","17":"tag-news","18":"tag-noticias","19":"tag-noticias-principais","20":"tag-noticiasprincipais","21":"tag-portugal","22":"tag-principais-noticias","23":"tag-principaisnoticias","24":"tag-pt","25":"tag-top-stories","26":"tag-topstories","27":"tag-ultimas","28":"tag-ultimas-noticias","29":"tag-ultimasnoticias"},"share_on_mastodon":{"url":"https:\/\/pubeurope.com\/@pt\/115802552669099208","error":""},"_links":{"self":[{"href":"https:\/\/www.europesays.com\/pt\/wp-json\/wp\/v2\/posts\/206106","targetHints":{"allow":["GET"]}}],"collection":[{"href":"https:\/\/www.europesays.com\/pt\/wp-json\/wp\/v2\/posts"}],"about":[{"href":"https:\/\/www.europesays.com\/pt\/wp-json\/wp\/v2\/types\/post"}],"author":[{"embeddable":true,"href":"https:\/\/www.europesays.com\/pt\/wp-json\/wp\/v2\/users\/2"}],"replies":[{"embeddable":true,"href":"https:\/\/www.europesays.com\/pt\/wp-json\/wp\/v2\/comments?post=206106"}],"version-history":[{"count":0,"href":"https:\/\/www.europesays.com\/pt\/wp-json\/wp\/v2\/posts\/206106\/revisions"}],"wp:featuredmedia":[{"embeddable":true,"href":"https:\/\/www.europesays.com\/pt\/wp-json\/wp\/v2\/media\/206107"}],"wp:attachment":[{"href":"https:\/\/www.europesays.com\/pt\/wp-json\/wp\/v2\/media?parent=206106"}],"wp:term":[{"taxonomy":"category","embeddable":true,"href":"https:\/\/www.europesays.com\/pt\/wp-json\/wp\/v2\/categories?post=206106"},{"taxonomy":"post_tag","embeddable":true,"href":"https:\/\/www.europesays.com\/pt\/wp-json\/wp\/v2\/tags?post=206106"}],"curies":[{"name":"wp","href":"https:\/\/api.w.org\/{rel}","templated":true}]}}