{"id":206108,"date":"2025-12-29T11:11:21","date_gmt":"2025-12-29T11:11:21","guid":{"rendered":"https:\/\/www.europesays.com\/pt\/206108\/"},"modified":"2025-12-29T11:11:21","modified_gmt":"2025-12-29T11:11:21","slug":"seguro-pondera-contestar-que-boletim-tenha-excluidos-observador","status":"publish","type":"post","link":"https:\/\/www.europesays.com\/pt\/206108\/","title":{"rendered":"Seguro pondera contestar que boletim tenha exclu\u00eddos \u2013 Observador"},"content":{"rendered":"<p>A candidatura presidencial de Ant\u00f3nio Jos\u00e9 Seguro criticou neste domingo que o boletim de voto das elei\u00e7\u00f5es v\u00e1 incluir candidatos que foram exclu\u00eddos pelo Tribunal Constitucional (TC) porque pode \u201clevar ao engano os eleitores\u201d, ponderando contestar esta decis\u00e3o administrativa.<\/p>\n<p>Fonte da candidatura de Ant\u00f3nio Jos\u00e9 Seguro adiantou \u00e0 ag\u00eancia Lusa que foi informada desta decis\u00e3o este fim de semana e mostrou \u201cperplexidade com a not\u00edcia de que o boletim de voto das elei\u00e7\u00f5es presidenciais vai incluir os 14 nomes iniciais e n\u00e3o, como dever\u00e1 ser, os 11 candidatos admitidos\u201d.<\/p>\n<p>\u201cEsta decis\u00e3o \u00e9 suscet\u00edvel de levar ao engano os eleitores e n\u00e3o levar em conta a decis\u00e3o do Tribunal Constitucional\u201d, critica a mesma fonte.<\/p>\n<p>A candidatura de Ant\u00f3nio Jos\u00e9 Seguro \u201cpondera contestar esta decis\u00e3o administrativa tomada pela Administra\u00e7\u00e3o eleitoral da Secretaria-Geral do MAI\u201d.<\/p>\n<blockquote class=\"wp-embedded-content\" data-secret=\"3vN0emX9Uc\">\n<p><a href=\"https:\/\/observador.pt\/2025\/12\/27\/os-onze-candidatos-validados-os-que-ficaram-de-fora-e-o-boletim-em-standby-seis-respostas-sobre-as-eleicoes-presidenciais\/\" rel=\"nofollow noopener\" target=\"_blank\">Os onze candidatos validados, os que ficaram de fora e o boletim em standby. Seis respostas sobre as elei\u00e7\u00f5es presidenciais<\/a><\/p>\n<\/blockquote>\n<p>O Tribunal <a href=\"https:\/\/observador.pt\/2025\/12\/27\/os-onze-candidatos-validados-os-que-ficaram-de-fora-e-o-boletim-em-standby-seis-respostas-sobre-as-eleicoes-presidenciais\/\" rel=\"nofollow noopener\" target=\"_blank\">Constitucional<\/a> indicou na ter\u00e7a-feira que n\u00e3o admitiu as candidaturas \u00e0s elei\u00e7\u00f5es presidenciais de Joana Amaral Dias, Ricardo Sousa e Jos\u00e9 Cardoso, ap\u00f3s n\u00e3o terem corrigido no prazo estipulado irregularidades que tinham sido identificadas.<\/p>\n<p>Dias antes, o TC tinha adiantado num ac\u00f3rd\u00e3o que havia admitido 11 candidaturas \u00e0s elei\u00e7\u00f5es presidenciais, enquanto outras tr\u00eas \u2014 a de Joana Amaral Dias, Ricardo Sousa e Jos\u00e9 Cardoso \u2014 tinham sido notificadas para corrigirem, no prazo de dois dias, irregularidades que tinham sido identificadas.<\/p>\n<p>Num ac\u00f3rd\u00e3o divulgado na ter\u00e7a-feira, o TC salientou que, findo esse prazo, nenhuma das tr\u00eas candidaturas tinha suprido as irregularidades em quest\u00e3o.<\/p>\n<p>H\u00e1 assim 11 candidatos \u00e0s elei\u00e7\u00f5es presidenciais: Gouveia e Melo, Marques Mendes, Ant\u00f3nio Filipe, Catarina Martins, Ant\u00f3nio Jos\u00e9 Seguro, Humberto Correia, Andr\u00e9 Pestana, Jorge Pinto, Cotrim Figueiredo, Andr\u00e9 Ventura e a do pintor e m\u00fasico Manuel Jo\u00e3o Vieira.<\/p>\n<p>Estas s\u00e3o assim as elei\u00e7\u00f5es presidenciais com mais candidatos na hist\u00f3ria da democracia portuguesa. At\u00e9 ao momento, as mais disputadas tinham sido em 2016, com dez candidatos.<\/p>\n<p>A primeira volta das elei\u00e7\u00f5es presidenciais realiza-se em 18 de janeiro.<\/p>\n","protected":false},"excerpt":{"rendered":"A candidatura presidencial de Ant\u00f3nio Jos\u00e9 Seguro criticou neste domingo que o boletim de voto das elei\u00e7\u00f5es v\u00e1&hellip;\n","protected":false},"author":2,"featured_media":206109,"comment_status":"","ping_status":"","sticky":false,"template":"","format":"standard","meta":{"footnotes":""},"categories":[8],"tags":[27,28,1077,15,16,14,25,26,21,22,12,13,19,20,302,32,1076,23,24,33,17,18,29,30,31],"class_list":{"0":"post-206108","1":"post","2":"type-post","3":"status-publish","4":"format-standard","5":"has-post-thumbnail","7":"category-principais-noticias","8":"tag-breaking-news","9":"tag-breakingnews","10":"tag-eleiu00e7u00f5es","11":"tag-featured-news","12":"tag-featurednews","13":"tag-headlines","14":"tag-latest-news","15":"tag-latestnews","16":"tag-main-news","17":"tag-mainnews","18":"tag-news","19":"tag-noticias","20":"tag-noticias-principais","21":"tag-noticiasprincipais","22":"tag-polu00edtica","23":"tag-portugal","24":"tag-presidenciais-2026","25":"tag-principais-noticias","26":"tag-principaisnoticias","27":"tag-pt","28":"tag-top-stories","29":"tag-topstories","30":"tag-ultimas","31":"tag-ultimas-noticias","32":"tag-ultimasnoticias"},"share_on_mastodon":{"url":"https:\/\/pubeurope.com\/@pt\/115802556623913325","error":""},"_links":{"self":[{"href":"https:\/\/www.europesays.com\/pt\/wp-json\/wp\/v2\/posts\/206108","targetHints":{"allow":["GET"]}}],"collection":[{"href":"https:\/\/www.europesays.com\/pt\/wp-json\/wp\/v2\/posts"}],"about":[{"href":"https:\/\/www.europesays.com\/pt\/wp-json\/wp\/v2\/types\/post"}],"author":[{"embeddable":true,"href":"https:\/\/www.europesays.com\/pt\/wp-json\/wp\/v2\/users\/2"}],"replies":[{"embeddable":true,"href":"https:\/\/www.europesays.com\/pt\/wp-json\/wp\/v2\/comments?post=206108"}],"version-history":[{"count":0,"href":"https:\/\/www.europesays.com\/pt\/wp-json\/wp\/v2\/posts\/206108\/revisions"}],"wp:featuredmedia":[{"embeddable":true,"href":"https:\/\/www.europesays.com\/pt\/wp-json\/wp\/v2\/media\/206109"}],"wp:attachment":[{"href":"https:\/\/www.europesays.com\/pt\/wp-json\/wp\/v2\/media?parent=206108"}],"wp:term":[{"taxonomy":"category","embeddable":true,"href":"https:\/\/www.europesays.com\/pt\/wp-json\/wp\/v2\/categories?post=206108"},{"taxonomy":"post_tag","embeddable":true,"href":"https:\/\/www.europesays.com\/pt\/wp-json\/wp\/v2\/tags?post=206108"}],"curies":[{"name":"wp","href":"https:\/\/api.w.org\/{rel}","templated":true}]}}