{"id":206112,"date":"2025-12-29T11:15:08","date_gmt":"2025-12-29T11:15:08","guid":{"rendered":"https:\/\/www.europesays.com\/pt\/206112\/"},"modified":"2025-12-29T11:15:08","modified_gmt":"2025-12-29T11:15:08","slug":"final-a-vista-assim-foi-a-primeira-manha-dos-finalistas-do-secret-story-9-secret-story","status":"publish","type":"post","link":"https:\/\/www.europesays.com\/pt\/206112\/","title":{"rendered":"Final \u00e0 vista: assim foi a primeira manh\u00e3 dos finalistas do Secret Story 9 &#8211; Secret Story"},"content":{"rendered":"<p style=\"margin-bottom:11px\">No Secret Story 9, os concorrentes vivem a primeira manh\u00e3 como finalistas na casa. Veja o momento.<\/p>\n<p>A gala deste domingo<strong>\u00a0foi intensa e repleta de emo\u00e7\u00f5es e nostalgia.<\/strong>\u00a0Durante a emiss\u00e3o, foram revelados: o concorrente mais ciumento da edi\u00e7\u00e3o e eleita a melhor miss\u00e3o do programa.<\/p>\n<p>Leandro foi o expulso da noite, deixando a competi\u00e7\u00e3o a apenas um passo do final. Com a sua sa\u00edda, ficaram definidos os quatro finalistas desta edi\u00e7\u00e3o:\u00a0<strong>Liliana, Marisa, Pedro e In\u00eas est\u00e3o agora mais perto do que nunca de conquistar o pr\u00e9mio de 250 mil euros.<\/strong><\/p>\n<p>A decis\u00e3o est\u00e1 nas suas m\u00e3os! Vote j\u00e1 no seu concorrente favorito atrav\u00e9s da\u00a0<strong>app TVI Reality ou das linhas telef\u00f3nicas e ajude-o a vencer:<\/strong><\/p>\n<p><strong>IN\u00caS 761 20 20 10<\/strong><\/p>\n<p><strong>LILIANA 761 20 20 14<\/strong><\/p>\n<p><strong>MARISA 761 20 20 16<\/strong><\/p>\n<p><strong>PEDRO 761 20 20 18<\/strong><\/p>\n<p><a href=\"https:\/\/tvi.iol.pt\/secretstory\/aominuto\" wbo-id=\"32\" rel=\"nofollow noopener\" target=\"_blank\">Veja aqui tudo o que se passa na casa do Secret Story 9<\/a><\/p>\n","protected":false},"excerpt":{"rendered":"No Secret Story 9, os concorrentes vivem a primeira manh\u00e3 como finalistas na casa. Veja o momento. A&hellip;\n","protected":false},"author":2,"featured_media":206113,"comment_status":"","ping_status":"","sticky":false,"template":"","format":"standard","meta":{"footnotes":""},"categories":[142],"tags":[114,115,19033,15353,19016,19184,19034,14646,32,33,151,19032],"class_list":{"0":"post-206112","1":"post","2":"type-post","3":"status-publish","4":"format-standard","5":"has-post-thumbnail","7":"category-tv","8":"tag-entertainment","9":"tag-entretenimento","10":"tag-galas-em-video","11":"tag-ines","12":"tag-liliana","13":"tag-marisa","14":"tag-melhores-momentos-casa-dos-segredos","15":"tag-pedro","16":"tag-portugal","17":"tag-pt","18":"tag-tv","19":"tag-videos-secret-story-tvi"},"share_on_mastodon":{"url":"https:\/\/pubeurope.com\/@pt\/115802572252328117","error":""},"_links":{"self":[{"href":"https:\/\/www.europesays.com\/pt\/wp-json\/wp\/v2\/posts\/206112","targetHints":{"allow":["GET"]}}],"collection":[{"href":"https:\/\/www.europesays.com\/pt\/wp-json\/wp\/v2\/posts"}],"about":[{"href":"https:\/\/www.europesays.com\/pt\/wp-json\/wp\/v2\/types\/post"}],"author":[{"embeddable":true,"href":"https:\/\/www.europesays.com\/pt\/wp-json\/wp\/v2\/users\/2"}],"replies":[{"embeddable":true,"href":"https:\/\/www.europesays.com\/pt\/wp-json\/wp\/v2\/comments?post=206112"}],"version-history":[{"count":0,"href":"https:\/\/www.europesays.com\/pt\/wp-json\/wp\/v2\/posts\/206112\/revisions"}],"wp:featuredmedia":[{"embeddable":true,"href":"https:\/\/www.europesays.com\/pt\/wp-json\/wp\/v2\/media\/206113"}],"wp:attachment":[{"href":"https:\/\/www.europesays.com\/pt\/wp-json\/wp\/v2\/media?parent=206112"}],"wp:term":[{"taxonomy":"category","embeddable":true,"href":"https:\/\/www.europesays.com\/pt\/wp-json\/wp\/v2\/categories?post=206112"},{"taxonomy":"post_tag","embeddable":true,"href":"https:\/\/www.europesays.com\/pt\/wp-json\/wp\/v2\/tags?post=206112"}],"curies":[{"name":"wp","href":"https:\/\/api.w.org\/{rel}","templated":true}]}}