{"id":206118,"date":"2025-12-29T11:19:07","date_gmt":"2025-12-29T11:19:07","guid":{"rendered":"https:\/\/www.europesays.com\/pt\/206118\/"},"modified":"2025-12-29T11:19:07","modified_gmt":"2025-12-29T11:19:07","slug":"dezembro-vermelho-reforca-alerta-sobre-sintomas-e-prevencao-ao-hiv-e-outras-ists","status":"publish","type":"post","link":"https:\/\/www.europesays.com\/pt\/206118\/","title":{"rendered":"Dezembro Vermelho refor\u00e7a alerta sobre sintomas e preven\u00e7\u00e3o ao HIV e outras IST\u2019s"},"content":{"rendered":"<p>Marcado pela <a href=\"https:\/\/www.correiodopovo.com.br\/podcasts\/direto-ao-ponto\/dezembro-vermelho-os-perigos-da-epidemia-silenciosa-de-hiv-no-rs-1.1672632\" target=\"_blank\" rel=\"nofollow noopener\"><strong>cor vermelha<\/strong><\/a>, dezembro \u00e9 o m\u00eas dedicado \u00e0 preven\u00e7\u00e3o e ao enfrentamento ao HIV, \u00e0 aids e a outras Infec\u00e7\u00f5es Sexualmente Transmiss\u00edveis (ISTs). A mobiliza\u00e7\u00e3o nacional busca ampliar o acesso \u00e0 informa\u00e7\u00e3o, estimular o diagn\u00f3stico precoce e combater o estigma em torno dessas infec\u00e7\u00f5es.<\/p>\n<p>Apesar dos avan\u00e7os na testagem e no tratamento, especialistas alertam que ainda h\u00e1 desafios importantes, especialmente no <a href=\"https:\/\/www.correiodopovo.com.br\/topicos\/Tag\/rio%20grande%20do%20sul\" target=\"_blank\" rel=\"nofollow noopener\"><strong>Rio Grande do Sul<\/strong><\/a>, onde os indicadores seguem entre os mais altos do pa\u00eds. Nos \u00faltimos dez anos, o Brasil registrou queda de 25,5% na mortalidade por aids, segundo dados do Minist\u00e9rio da Sa\u00fade. A melhora \u00e9 atribu\u00edda \u00e0 amplia\u00e7\u00e3o de terapias mais eficazes e ao fortalecimento da rede de assist\u00eancia.<\/p>\n<p>Ainda assim, cerca de 30 pessoas morrem diariamente em decorr\u00eancia da doen\u00e7a no pa\u00eds. O aumento de outras infec\u00e7\u00f5es, como a s\u00edfilis, tamb\u00e9m preocupa especialistas e refor\u00e7a a necessidade de manter pr\u00e1ticas de preven\u00e7\u00e3o e testagem regular.<\/p>\n<p>Para o chefe do Servi\u00e7o de Infectologia da <a href=\"https:\/\/www.correiodopovo.com.br\/topicos\/Tag\/santa%20casa\" target=\"_blank\" rel=\"nofollow noopener\"><strong>Santa Casa de Porto Alegre<\/strong><\/a> e coordenador cient\u00edfico da Sociedade Brasileira de Infectologia, Alessandro Pasqualotto, o estigma segue sendo uma das principais barreiras para o diagn\u00f3stico precoce. \u201cO maior problema n\u00e3o \u00e9 a falta de testes ou de acesso ao sistema de sa\u00fade, mas sim o preconceito e o medo. Muitas pessoas acham que n\u00e3o correm risco, t\u00eam receio do resultado ou medo de discrimina\u00e7\u00e3o. Isso faz com que adiem a testagem por anos\u201d, afirma.<\/p>\n<p>Veja Tamb\u00e9m<\/p>\n<p>Pasqualotto destaca que, embora existam mais recursos dispon\u00edveis do que nunca, o cen\u00e1rio do Estado exige aten\u00e7\u00e3o. \u201cPorto Alegre continua sendo uma das capitais nacionais com maior incid\u00eancia da infec\u00e7\u00e3o pelo HIV, e muitas pessoas ainda descobrem a infec\u00e7\u00e3o tardiamente, quando a imunidade j\u00e1 se encontra comprometida. Ao mesmo tempo, estamos observando um aumento expressivo dos casos de s\u00edfilis e de outras ISTs, o que mostra que a preven\u00e7\u00e3o ainda n\u00e3o est\u00e1 acontecendo como deveria\u201d, diz.<\/p>\n<p>Segundo o especialista, o avan\u00e7o no tratamento transformou a perspectiva de vida de pessoas que vivem com HIV. \u201cQuem inicia o tratamento cedo pode ter uma vida normal, saud\u00e1vel e ativa, semelhante \u00e0 de quem n\u00e3o tem o v\u00edrus. Quando a pessoa est\u00e1 em tratamento e com carga viral indetect\u00e1vel, ela n\u00e3o transmite o HIV nas rela\u00e7\u00f5es sexuais\u201d, explica.<\/p>\n<p>Pasqualotto refor\u00e7a que campanhas como o Dezembro Vermelho ajudam a reduzir barreiras. \u201cO Dezembro Vermelho \u00e9 fundamental para lembrar que testar salva vidas. Campanhas assim incentivam a testagem, ajudam a quebrar o preconceito, divulgam o uso de preservativos e da PrEP, e refor\u00e7am que cuidar da sa\u00fade sexual \u00e9 um direito de todos\u201d, acrescenta.<\/p>\n<p><strong>S\u00f3 ter informa\u00e7\u00e3o n\u00e3o \u00e9 suficiente<\/strong> <\/p>\n<p>Apesar do avan\u00e7o na informa\u00e7\u00e3o e nas campanhas de preven\u00e7\u00e3o, a transmiss\u00e3o de infec\u00e7\u00f5es sexualmente transmiss\u00edveis segue elevada no pa\u00eds. Para o m\u00e9dico infectologista do Hospital Moinhos de Vento, Paulo Ernesto Gewehr Filho, conhecer os riscos nem sempre se traduz em mudan\u00e7a de comportamento. \u201cInforma\u00e7\u00e3o n\u00e3o garante a\u00e7\u00e3o preventiva. Muitas pessoas, mesmo cientes dos riscos, deixam de usar preservativo em rela\u00e7\u00f5es casuais, acreditam que uma \u00fanica rela\u00e7\u00e3o sem camisinha n\u00e3o trar\u00e1 consequ\u00eancias ou priorizam o prazer e o v\u00ednculo afetivo em detrimento da preven\u00e7\u00e3o\u201d, explica.<\/p>\n<p>Segundo o especialista, a percep\u00e7\u00e3o de que o HIV e outras ISTs t\u00eam hoje tratamentos eficazes tamb\u00e9m contribui para a redu\u00e7\u00e3o do medo do cont\u00e1gio. \u201cIsso gera um fen\u00f4meno j\u00e1 documentado em sa\u00fade p\u00fablica: maior n\u00famero de parceiros, menor ades\u00e3o ao preservativo e sensa\u00e7\u00e3o de risco reduzido. Esse comportamento facilitou, por exemplo, o aumento expressivo dos casos de s\u00edfilis no Brasil nos \u00faltimos anos\u201d, afirma.<\/p>\n<p>Outro fator que pesa, conforme Gewehr Filho, \u00e9 o estigma que ainda cerca a sa\u00fade sexual. \u201cMesmo com avan\u00e7os sociais, ainda existe vergonha. Muitas pessoas evitam relatar sintomas, ocultam sua vida sexual dos profissionais de sa\u00fade e deixam de procurar testagem preventiva. Esse sil\u00eancio acaba favorecendo a transmiss\u00e3o cont\u00ednua das infec\u00e7\u00f5es\u201d, ressalta.<\/p>\n<p>Atualmente, as ISTs mais recorrentes no Brasil incluem HIV, s\u00edfilis, gonorreia, clam\u00eddia, herpes genital, HPV, tricomon\u00edase e hepatites B e C. O infectologista chama aten\u00e7\u00e3o para o fato de que muitas dessas infec\u00e7\u00f5es podem ser assintom\u00e1ticas. \u201cA aus\u00eancia de sintomas n\u00e3o exclui a presen\u00e7a de uma IST, mesmo com infec\u00e7\u00e3o ativa. Qualquer sinal genital, como feridas, secre\u00e7\u00f5es, dor ou ardor, deve levar \u00e0 procura imediata de um servi\u00e7o de sa\u00fade para avalia\u00e7\u00e3o, testagem e tratamento adequado\u201d, orienta.<\/p>\n<p>Gewehr Filho destaca ainda que o tratamento das ISTs no Brasil segue protocolos do Minist\u00e9rio da Sa\u00fade e conta com ampla oferta de medicamentos gratuitos pelo Sistema \u00danico de Sa\u00fade (SUS). \u201cHoje temos acesso a diagn\u00f3stico r\u00e1pido, terapias eficazes e estrat\u00e9gias de preven\u00e7\u00e3o combinada, como preservativos, PrEP, PEP, vacina\u00e7\u00e3o e rastreamento de parceiros. Avan\u00e7os recentes mudaram completamente a evolu\u00e7\u00e3o de doen\u00e7as antes graves ou incur\u00e1veis, especialmente HIV, hepatite C e HPV\u201d, completa.<\/p>\n<p><strong>Principais sinais cl\u00ednicos das IST\u2019s mais recorrentes:<\/strong><\/p>\n<ul>\n<li>HIV: febre, \u00ednguas, mal-estar, infec\u00e7\u00f5es oportunistas;<\/li>\n<li>S\u00edfilis: \u00falcera genital indolor; manchas cut\u00e2neas;<\/li>\n<li>Gonorreia: corrimento anormal, dor ao urinar;<\/li>\n<li>Clam\u00eddia: muitas vezes assintom\u00e1tica; corrimento, dor p\u00e9lvica;<\/li>\n<li>Herpes genital: ves\u00edculas dolorosas\/\u00falceras;<\/li>\n<li>HPV: verrugas anogenitais;<\/li>\n<li>Tricomon\u00edase: corrimento f\u00e9tido, coceira, ard\u00eancia;<\/li>\n<li>Hepatites B\/C: fadiga, icter\u00edcia, muitas vezes assintom\u00e1tica.<\/li>\n<\/ul>\n<p><strong>Sinais que devem acender alerta cl\u00ednico<\/strong><\/p>\n<p>Independentemente do agente, os seguintes achados cl\u00ednicos exigem avalia\u00e7\u00e3o imediata em servi\u00e7o de sa\u00fade:<\/p>\n<ul>\n<li>Feridas ou \u00falceras genitais (com ou sem dor);<\/li>\n<li>Corrimento genital fora do padr\u00e3o habitual (qualquer cor an\u00f4mala, odor forte);<\/li>\n<li>Dor ou ard\u00eancia ao urinar, persistente ap\u00f3s rela\u00e7\u00f5es sexuais;<\/li>\n<li>Verrugas ou les\u00f5es anogenitais novas ou persistentes;<\/li>\n<li>Sintomas gripais ap\u00f3s exposi\u00e7\u00e3o de risco, especialmente se acompanhados de \u00ednguas ou mal-estar generalizado (verificar HIV);<\/li>\n<li>Algumas ISTs s\u00e3o assintom\u00e1ticas, mesmo quando h\u00e1 infec\u00e7\u00e3o ativa, o que significa que a aus\u00eancia de sintomas n\u00e3o exclui a presen\u00e7a de uma IST;<\/li>\n<li>A ocorr\u00eancia de qualquer sintoma genital deve levar \u00e0 procura imediata de servi\u00e7os de sa\u00fade para exame, testagem laboratorial e tratamento adequado.<\/li>\n<\/ul>\n","protected":false},"excerpt":{"rendered":"Marcado pela cor vermelha, dezembro \u00e9 o m\u00eas dedicado \u00e0 preven\u00e7\u00e3o e ao enfrentamento ao HIV, \u00e0 aids&hellip;\n","protected":false},"author":2,"featured_media":206119,"comment_status":"","ping_status":"","sticky":false,"template":"","format":"standard","meta":{"footnotes":""},"categories":[86],"tags":[35359,116,2053,4677,32,33,117],"class_list":{"0":"post-206118","1":"post","2":"type-post","3":"status-publish","4":"format-standard","5":"has-post-thumbnail","7":"category-saude","8":"tag-dezembro-vermelho","9":"tag-health","10":"tag-ists","11":"tag-porto-alegre","12":"tag-portugal","13":"tag-pt","14":"tag-saude"},"share_on_mastodon":{"url":"","error":""},"_links":{"self":[{"href":"https:\/\/www.europesays.com\/pt\/wp-json\/wp\/v2\/posts\/206118","targetHints":{"allow":["GET"]}}],"collection":[{"href":"https:\/\/www.europesays.com\/pt\/wp-json\/wp\/v2\/posts"}],"about":[{"href":"https:\/\/www.europesays.com\/pt\/wp-json\/wp\/v2\/types\/post"}],"author":[{"embeddable":true,"href":"https:\/\/www.europesays.com\/pt\/wp-json\/wp\/v2\/users\/2"}],"replies":[{"embeddable":true,"href":"https:\/\/www.europesays.com\/pt\/wp-json\/wp\/v2\/comments?post=206118"}],"version-history":[{"count":0,"href":"https:\/\/www.europesays.com\/pt\/wp-json\/wp\/v2\/posts\/206118\/revisions"}],"wp:featuredmedia":[{"embeddable":true,"href":"https:\/\/www.europesays.com\/pt\/wp-json\/wp\/v2\/media\/206119"}],"wp:attachment":[{"href":"https:\/\/www.europesays.com\/pt\/wp-json\/wp\/v2\/media?parent=206118"}],"wp:term":[{"taxonomy":"category","embeddable":true,"href":"https:\/\/www.europesays.com\/pt\/wp-json\/wp\/v2\/categories?post=206118"},{"taxonomy":"post_tag","embeddable":true,"href":"https:\/\/www.europesays.com\/pt\/wp-json\/wp\/v2\/tags?post=206118"}],"curies":[{"name":"wp","href":"https:\/\/api.w.org\/{rel}","templated":true}]}}