{"id":206132,"date":"2025-12-29T11:26:06","date_gmt":"2025-12-29T11:26:06","guid":{"rendered":"https:\/\/www.europesays.com\/pt\/206132\/"},"modified":"2025-12-29T11:26:06","modified_gmt":"2025-12-29T11:26:06","slug":"esta-faltando-coisa-para-comer","status":"publish","type":"post","link":"https:\/\/www.europesays.com\/pt\/206132\/","title":{"rendered":"&#8216;Est\u00e1 faltando coisa para comer&#8217;"},"content":{"rendered":"<p class=\"texto\">O ator M\u00e1rio Gomes usou suas redes sociais neste domingo, 28, para pedir doa\u00e7\u00f5es aos seus seguidores. Ele alega passar por dificuldades financeiras desde que foi despejado da casa onde vivia para o pagamento de d\u00edvidas, em 2024.<\/p>\n<p class=\"texto\">&#8220;Perdi minha casa no ano passado, de forma desonesta. Esse ano perdi todo meu dinheiro. Achei que ia dar, e tal&#8230; Mas tenho recebido muitas sugest\u00f5es de seguidores falando para eu fazer uma vaquinha pedindo 10 reais de cada um&#8221;, disse M\u00e1rio Gomes.<\/p>\n<p class=\"texto\">&#8220;R$ 10 n\u00e3o digo, mas qualquer quantia. Relutei muito, mas acabei cedendo. Vai me ajudar muito, est\u00e1 ficando muito dif\u00edcil, est\u00e3o faltando as coisas para comer&#8221;, prosseguiu. A chave-pix indicada pelo ator \u00e9 &#8220;ajudamariogomes@gmail.com&#8221;.<\/p>\n<p class=\"texto\"><strong><a href=\"https:\/\/whatsapp.com\/channel\/0029VaB1U9a002T64ex1Sy2w\" rel=\"nofollow noopener\" target=\"_blank\">Siga o canal do Correio no WhatsApp e receba as principais not\u00edcias do dia no seu celular<\/a><\/strong><\/p>\n<p class=\"texto\">M\u00e1rio Gomes fez refer\u00eancia ao im\u00f3vel do qual foi despejado em Joatinga, no Rio de Janeiro, em setembro de 2024. Segundo informa\u00e7\u00f5es do jornal Extra \u00e0 \u00e9poca, a casa foi a leil\u00e3o para o pagamento de d\u00edvidas trabalhistas de funcion\u00e1rios de uma f\u00e1brica de confec\u00e7\u00e3o que Gomes era dono no Paran\u00e1. Segundo ele, a mans\u00e3o seria avaliada em R$ 20 milh\u00f5es, mas arrematada por apenas R$ 720 mil. Ele chegou a &#8216;pichar&#8217; as paredes de sua casa com a mensagem &#8220;N\u00e3o vou sair!&#8221;.<\/p>\n<p class=\"texto\">Ator presente no elenco de divesas novelas entre as d\u00e9cadas de 1970 e 2000, M\u00e1rio Gomes se afastou da TV e chamou aten\u00e7\u00e3o nos \u00faltimos anos por expor sua condi\u00e7\u00e3o financeira e tamb\u00e9m por procurar outras ocupa\u00e7\u00f5es. Recentemente, disputou elei\u00e7\u00f5es como candidato a deputado estadual (Republicanos, 2022) e vereador (Republicanos, 2024). Tamb\u00e9m chegou a vender sandu\u00edches numa praia do Rio de Janeiro.<\/p>\n<ul>\n<li><a href=\"https:\/\/wa.me\/?text=M%C3%A1rio+Gomes+pede+doa%C3%A7%C3%B5es+a+f%C3%A3s%3A+%27Est%C3%A1+faltando+coisa+para+comer%27%20https:\/\/www.correiobraziliense.com.br\/diversao-e-arte\/2025\/12\/7322636-mario-gomes-pede-doacoes-a-fas-esta-faltando-coisa-para-comer.html\" target=\"_blank\" title=\"Whatsapp\" aria-label=\"WhatsApp\" rel=\"nofollow noopener\"><\/a><\/li>\n<li><a href=\"https:\/\/www.facebook.com\/sharer.php?u=https:\/\/www.correiobraziliense.com.br%2Fdiversao-e-arte%2F2025%2F12%2F7322636-mario-gomes-pede-doacoes-a-fas-esta-faltando-coisa-para-comer.html&amp;text=M%C3%A1rio+Gomes+pede+doa%C3%A7%C3%B5es+a+f%C3%A3s%3A+%27Est%C3%A1+faltando+coisa+para+comer%27\" target=\"_blank\" title=\"Facebook\" aria-label=\"Facebook\" rel=\"nofollow noopener\"><\/a><\/li>\n<li><a href=\"https:\/\/twitter.com\/intent\/tweet?url=https:\/\/www.correiobraziliense.com.br%2Fdiversao-e-arte%2F2025%2F12%2F7322636-mario-gomes-pede-doacoes-a-fas-esta-faltando-coisa-para-comer.html&amp;text=M%C3%A1rio+Gomes+pede+doa%C3%A7%C3%B5es+a+f%C3%A3s%3A+%27Est%C3%A1+faltando+coisa+para+comer%27\" target=\"_blank\" title=\"Twitter\" aria-label=\"Twitter\" rel=\"nofollow noopener\"><\/a><\/li>\n<li><a href=\"https:\/\/profile.google.com\/cp\/CgovbS8wNzZ0dms1\" title=\"Google Discover\" target=\"_blank\" aria-label=\"Google Discover\" rel=\"nofollow noopener\"><img decoding=\"async\" src=\"https:\/\/www.europesays.com\/pt\/wp-content\/uploads\/2025\/12\/google-discover-icon.png\" style=\"height: 25px; margin: 0 !important; margin-left: 3px;\" alt=\"Google Discover Icon\"\/><\/a><\/li>\n<\/ul>\n<p>              <a href=\"https:\/\/www.correiobraziliense.com.br\/autor\/agencia-estado\/page\/1\/\" style=\"height: 100%;\" rel=\"nofollow noopener\" target=\"_blank\"><img decoding=\"async\" class=\"hidden-print author-circle d-block h6 mt-0 mb-0 mr-6 text-center\" src=\"https:\/\/www.europesays.com\/pt\/wp-content\/uploads\/2025\/07\/logo_agencia_estado-29032127.png\" alt=\"\" width=\"40\" height=\"40\" loading=\"lazy\" style=\"object-fit:cover; width: 40px; height: 40px; margin-right:10px;\"\/><\/a><a href=\"https:\/\/www.correiobraziliense.com.br\/autor\/agencia-estado\/page\/1\/\" rel=\"nofollow noopener\" target=\"_blank\"><img decoding=\"async\" class=\"hidden-print author-circle d-block h6 mt-0 mb-0 mr-6 text-center\" src=\"https:\/\/www.europesays.com\/pt\/wp-content\/uploads\/2025\/07\/logo_agencia_estado-29032127.png\" alt=\"\" width=\"40\" height=\"40\" loading=\"lazy\" style=\"object-fit:cover; width: 40px; height: 40px; margin-right:10px;\"\/><\/a><\/p>\n<p>                          <script async src=\"https:\/\/platform.twitter.com\/widgets.js\" charset=\"utf-8\"><\/script><\/p>\n","protected":false},"excerpt":{"rendered":"O ator M\u00e1rio Gomes usou suas redes sociais neste domingo, 28, para pedir doa\u00e7\u00f5es aos seus seguidores. Ele&hellip;\n","protected":false},"author":2,"featured_media":206133,"comment_status":"","ping_status":"","sticky":false,"template":"","format":"standard","meta":{"footnotes":""},"categories":[145],"tags":[14756,1244,211,210,13817,114,115,6646,32,33],"class_list":{"0":"post-206132","1":"post","2":"type-post","3":"status-publish","4":"format-standard","5":"has-post-thumbnail","7":"category-celebridades","8":"tag-ajuda","9":"tag-ator","10":"tag-celebridades","11":"tag-celebrities","12":"tag-doacao","13":"tag-entertainment","14":"tag-entretenimento","15":"tag-pix","16":"tag-portugal","17":"tag-pt"},"share_on_mastodon":{"url":"https:\/\/pubeurope.com\/@pt\/115802615835759576","error":""},"_links":{"self":[{"href":"https:\/\/www.europesays.com\/pt\/wp-json\/wp\/v2\/posts\/206132","targetHints":{"allow":["GET"]}}],"collection":[{"href":"https:\/\/www.europesays.com\/pt\/wp-json\/wp\/v2\/posts"}],"about":[{"href":"https:\/\/www.europesays.com\/pt\/wp-json\/wp\/v2\/types\/post"}],"author":[{"embeddable":true,"href":"https:\/\/www.europesays.com\/pt\/wp-json\/wp\/v2\/users\/2"}],"replies":[{"embeddable":true,"href":"https:\/\/www.europesays.com\/pt\/wp-json\/wp\/v2\/comments?post=206132"}],"version-history":[{"count":0,"href":"https:\/\/www.europesays.com\/pt\/wp-json\/wp\/v2\/posts\/206132\/revisions"}],"wp:featuredmedia":[{"embeddable":true,"href":"https:\/\/www.europesays.com\/pt\/wp-json\/wp\/v2\/media\/206133"}],"wp:attachment":[{"href":"https:\/\/www.europesays.com\/pt\/wp-json\/wp\/v2\/media?parent=206132"}],"wp:term":[{"taxonomy":"category","embeddable":true,"href":"https:\/\/www.europesays.com\/pt\/wp-json\/wp\/v2\/categories?post=206132"},{"taxonomy":"post_tag","embeddable":true,"href":"https:\/\/www.europesays.com\/pt\/wp-json\/wp\/v2\/tags?post=206132"}],"curies":[{"name":"wp","href":"https:\/\/api.w.org\/{rel}","templated":true}]}}