{"id":206157,"date":"2025-12-29T11:43:09","date_gmt":"2025-12-29T11:43:09","guid":{"rendered":"https:\/\/www.europesays.com\/pt\/206157\/"},"modified":"2025-12-29T11:43:09","modified_gmt":"2025-12-29T11:43:09","slug":"vem-ai-terra-forte-flor-acorda-e-o-plano-de-maria-de-fatima-vai-por-agua-abaixo-novelas","status":"publish","type":"post","link":"https:\/\/www.europesays.com\/pt\/206157\/","title":{"rendered":"Vem a\u00ed \u00abTerra Forte\u00bb: Flor acorda e o plano de Maria de F\u00e1tima vai por \u00e1gua abaixo &#8211; Novelas"},"content":{"rendered":"<p data-end=\"507\" data-start=\"130\">Em \u00abTerra Forte\u00bb, Leumi fica em choque ao saber, atrav\u00e9s de Susette, que <a href=\"https:\/\/tvi.iol.pt\/novelas\/videos\/terra-forte-maria-de-fatima-e-manuel-tinham-um-caso\/68f65cdc0cf29d28d82976cb\" rel=\"nofollow noopener\" target=\"_blank\">Maria de F\u00e1tima (Rita Pereira)<\/a><strong> <\/strong><strong> arranjou um retrato de Flor para colocar no mural da A\u00e7oreana<\/strong>, dando a entender que j\u00e1 contava com a <strong>morte da pr\u00f3pria irm\u00e3.<\/strong> Pouco depois, <a href=\"https:\/\/tvi.iol.pt\/novelas\/ator\/rosa-maria\/68ee586ed34e58bc6796e114\" rel=\"nofollow noopener\" target=\"_blank\">Rosa Maria (Cust\u00f3dia Gallego)<\/a> entra animada e anuncia que Maria de F\u00e1tima e <a href=\"https:\/\/tvi.iol.pt\/novelas\/videos\/terra-forte-sammy-fica-sem-chao-ao-descobrir-que-flor-e-a-mae-de-rosinha\/68f7b83e0cf29d28d8297a75\" rel=\"nofollow noopener\" target=\"_blank\">Sammy (Jos\u00e9 Fidalgo)<\/a> fizeram as pazes e que Flor j\u00e1 n\u00e3o se encontra em coma. Susette e Leumi ficam at\u00f3nitos com a reviravolta.<\/p>\n<p data-end=\"909\" data-start=\"509\">Mais tarde, Susette e Leumi est\u00e3o sentados com Rosa Maria nos sof\u00e1s, a expressarem a sua alegria pela <strong>recupera\u00e7\u00e3o de <\/strong><a href=\"https:\/\/tvi.iol.pt\/novelas\/videos\/terra-forte-no-dia-do-seu-aniversario-flor-recebe-uma-visita-inesperada\/68f65c7a0cf29d28d82976c8\" rel=\"nofollow noopener\" target=\"_blank\">Flor (Benedita Pereira)<\/a>\u00a0<strong>.<\/strong> O ambiente muda quando Sammy aparece, deixando-os<strong> visivelmente aflitos<\/strong>, mas ele acaba por relativizar a situa\u00e7\u00e3o. Ainda assim, Sammy n\u00e3o esconde o seu desagrado ao perceber que Rosa Maria conseguiu reconciliar-se com Maria de F\u00e1tima. Rosa Maria reage com um sorriso satisfeito.<\/p>\n<p data-end=\"1172\" data-start=\"911\"><strong>Rosa Maria agradece a Sammy por ter regressado para junto de Maria de F\u00e1tima, reconhecendo que o fez para proteger Flor.<\/strong> Sammy, por\u00e9m, deixa claro que n\u00e3o vai desistir de Flor. Nesse momento, Maria de F\u00e1tima surge, afirmando estar a lidar com um problema grave.<\/p>\n<p data-end=\"1548\" data-start=\"1174\">Preocupados, <strong>Rosa Maria e Sammy ouvem Maria de F\u00e1tima confessar que Moreira, por iniciativa pr\u00f3pria, arranjou um retrato de Flor para colocar no mural da A\u00e7oreana<\/strong>, o que poder\u00e1 levar todos a acreditar que ela j\u00e1 esperava a morte da irm\u00e3. Alarmados, Rosa Maria e Sammy concordam que Flor e Ant\u00f3nio n\u00e3o podem descobrir a verdade, ficando em p\u00e2nico quando os veem aproximar-se.<\/p>\n<p data-end=\"1548\" data-start=\"1174\">Relembre-se deste momento emocionante em que Flor reage com <strong>declara\u00e7\u00e3o de amor de Sammy:\u00a0<\/strong><\/p>\n","protected":false},"excerpt":{"rendered":"Em \u00abTerra Forte\u00bb, Leumi fica em choque ao saber, atrav\u00e9s de Susette, que Maria de F\u00e1tima (Rita Pereira)&hellip;\n","protected":false},"author":2,"featured_media":200887,"comment_status":"","ping_status":"","sticky":false,"template":"","format":"standard","meta":{"footnotes":""},"categories":[142],"tags":[160,7951,166,18259,114,115,157,167,164,161,158,165,159,32,33,156,5871,163,151,162],"class_list":{"0":"post-206157","1":"post","2":"type-post","3":"status-publish","4":"format-standard","5":"has-post-thumbnail","7":"category-tv","8":"tag-ana-guiomar","9":"tag-benedita-pereira","10":"tag-cristina-ferreira","11":"tag-custodia-gallego","12":"tag-entertainment","13":"tag-entretenimento","14":"tag-festa-e-festa","15":"tag-ficcao","16":"tag-jose-fidalgo","17":"tag-novelas","18":"tag-para-sempre","19":"tag-pedro-sousa","20":"tag-pedro-teixeira","21":"tag-portugal","22":"tag-pt","23":"tag-queridos-papas","24":"tag-rita-pereira","25":"tag-tiago-teotonio-pereira","26":"tag-tv","27":"tag-tvi"},"share_on_mastodon":{"url":"https:\/\/pubeurope.com\/@pt\/115802682341236510","error":""},"_links":{"self":[{"href":"https:\/\/www.europesays.com\/pt\/wp-json\/wp\/v2\/posts\/206157","targetHints":{"allow":["GET"]}}],"collection":[{"href":"https:\/\/www.europesays.com\/pt\/wp-json\/wp\/v2\/posts"}],"about":[{"href":"https:\/\/www.europesays.com\/pt\/wp-json\/wp\/v2\/types\/post"}],"author":[{"embeddable":true,"href":"https:\/\/www.europesays.com\/pt\/wp-json\/wp\/v2\/users\/2"}],"replies":[{"embeddable":true,"href":"https:\/\/www.europesays.com\/pt\/wp-json\/wp\/v2\/comments?post=206157"}],"version-history":[{"count":0,"href":"https:\/\/www.europesays.com\/pt\/wp-json\/wp\/v2\/posts\/206157\/revisions"}],"wp:featuredmedia":[{"embeddable":true,"href":"https:\/\/www.europesays.com\/pt\/wp-json\/wp\/v2\/media\/200887"}],"wp:attachment":[{"href":"https:\/\/www.europesays.com\/pt\/wp-json\/wp\/v2\/media?parent=206157"}],"wp:term":[{"taxonomy":"category","embeddable":true,"href":"https:\/\/www.europesays.com\/pt\/wp-json\/wp\/v2\/categories?post=206157"},{"taxonomy":"post_tag","embeddable":true,"href":"https:\/\/www.europesays.com\/pt\/wp-json\/wp\/v2\/tags?post=206157"}],"curies":[{"name":"wp","href":"https:\/\/api.w.org\/{rel}","templated":true}]}}