{"id":206171,"date":"2025-12-29T11:52:14","date_gmt":"2025-12-29T11:52:14","guid":{"rendered":"https:\/\/www.europesays.com\/pt\/206171\/"},"modified":"2025-12-29T11:52:14","modified_gmt":"2025-12-29T11:52:14","slug":"galiza-reconhece-tres-caminhos-culturais-portugueses-rumo-a-santiago-de-compostela-caminhos-de-santiago","status":"publish","type":"post","link":"https:\/\/www.europesays.com\/pt\/206171\/","title":{"rendered":"Galiza reconhece tr\u00eas caminhos culturais portugueses rumo a Santiago de Compostela | Caminhos de Santiago"},"content":{"rendered":"<p dir=\"ltr\">O Governo galego vai reconhecer tr\u00eas percursos culturais que come\u00e7am em Portugal, no \u00e2mbito da cria\u00e7\u00e3o de uma nova categoria ligada aos Caminhos de Santiago. S\u00e3o eles: o Caminho Cultural de Santiago da Geira e dos Arrieiros e o Caminho Minhoto Ribeiro, ambos com a cidade de Braga como ponto de partida, e o Caminho de Santiago de S\u00e3o Rosendo, que come\u00e7a em Santo Tirso.<\/p>\n<p dir=\"ltr\">De acordo com o ministro galego da Cultura, L\u00edngua e Juventude, Jos\u00e9 L\u00f3pez Campos, a nova categoria tem como objectivo reconhecer percursos que, \u201cembora n\u00e3o preencham todos os crit\u00e9rios exigidos\u201d para serem classificados como Caminho de Santiago, \u201ccumprem os requisitos considerados relevantes para receberem uma aten\u00e7\u00e3o especial das administra\u00e7\u00f5es p\u00fablicas\u201d, anuncia a Associa\u00e7\u00e3o Transfronteiri\u00e7a do Caminho da Geira e dos Arrieiros.<\/p>\n<p dir=\"ltr\">\u201cS\u00e3o percursos que ligam a hist\u00f3ria, tradi\u00e7\u00e3o e patrim\u00f3nio, e especialmente importantes para difundir a cultura e identidade por toda a regi\u00e3o\u201d, sublinhou o governante ap\u00f3s uma reuni\u00e3o com representantes de munic\u00edpios galegos, realizada na ter\u00e7a-feira, citado em comunicado.<\/p>\n<p dir=\"ltr\">Entre o grupo inicial de trilhos classificados est\u00e1 o Caminho Cultural de Santiago da Geira e dos Arrieiros, com 239 quil\u00f3metros, que arranca junto \u00e0 S\u00e9 de Braga e passa pelos munic\u00edpios portugueses de Amares, Terras de Bouro e Melga\u00e7o, antes de entrar na Galiza pela Portela do Homem.<\/p>\n<p dir=\"ltr\">O percurso, apresentado em 2017 em Ribadavia (Galiza) e em Braga, e \u201creconhecido pela Igreja em 2019\u201d, destaca-se por integrar a Geira \u201cmais bem conservada do antigo Imp\u00e9rio Romano do Ocidente\u201d, assim como o territ\u00f3rio da Reserva da Biosfera Transfronteiri\u00e7a Ger\u00eas-Xur\u00e9s. Em oito anos, &#8220;estima-se que tenha sido percorrido por, pelo menos, 7634 pessoas&#8221;, aponta a associa\u00e7\u00e3o, indicando que 3176 das quais receberam a compostela, incluindo 757 este ano.<\/p>\n<p dir=\"ltr\">J\u00e1 o Caminho Minhoto Ribeiro parte tamb\u00e9m de Braga, atravessando os concelhos de Vila Verde e Ponte da Barca, antes de ramificar-se em dois trilhos poss\u00edveis, rumo a Arcos de Valdevez ou em direc\u00e7\u00e3o a Ernelo, de acordo com a associa\u00e7\u00e3o de munic\u00edpios criada em 2014 para \u201crecuperar, divulgar e alcan\u00e7ar a oficialidade do Caminho Minhoto Ribeiro a Santiago de Compostela\u201d.<\/p>\n<p dir=\"ltr\">O terceiro percurso portugu\u00eas a integrar a nova categoria \u00e9 o Caminho Portugu\u00eas de S\u00e3o Rosendo, que parte de Santo Tirso, antes de percorrer os munic\u00edpios de Famalic\u00e3o, Guimar\u00e3es, Braga, Amares e Terras de Bouro, numa extens\u00e3o de 101 quil\u00f3metros, e atravessar a fronteira espanhola rumo a Santiago de Compostela.<\/p>\n<p dir=\"ltr\">S\u00e3o Rosendo, \u201cou Rudesindus no original em latim\u201d, nasceu em S\u00e3o Miguel do Couto, no concelho de Santo Tirso, em 907, e \u201cdesempenhou as mais altas magistraturas\u201d, tornando-se \u201cuma das mais significativas refer\u00eancias espirituais da cristandade medieval\u201d, descrevia a autarquia de Santo Tirso aquando da apresenta\u00e7\u00e3o do projecto de sinaliza\u00e7\u00e3o do caminho. <\/p>\n<p dir=\"ltr\">Segundo Jos\u00e9 L\u00f3pez Campos, a medida responde \u00e0s solicita\u00e7\u00f5es \u201cdos munic\u00edpios, associa\u00e7\u00f5es e entidades que, nos \u00faltimos anos, t\u00eam realizado um extenso trabalho de documenta\u00e7\u00e3o para divulgar rotas \u00fanicas\u201d, procurando destacar os itiner\u00e1rios que promovem a cultura, o desenvolvimento sustent\u00e1vel e a coes\u00e3o social em diferentes regi\u00f5es, \u201cespecialmente nas \u00e1reas em risco de exclus\u00e3o cultural devido \u00e0s suas condi\u00e7\u00f5es geogr\u00e1ficas e sociais\u201d.<\/p>\n<p dir=\"ltr\">A nova categoria vai ser formalizada atrav\u00e9s de um decreto que visa estabelecer \u201cas medidas espec\u00edficas de protec\u00e7\u00e3o, promo\u00e7\u00e3o e apoio\u201d, garantido que os trilhos inclu\u00eddos recebem \u201cuma aten\u00e7\u00e3o especial\u201d das administra\u00e7\u00f5es p\u00fablicas galegas no \u201cplaneamento de programas culturais, na atribui\u00e7\u00e3o de subs\u00eddios e na concep\u00e7\u00e3o de iniciativas que valorizem a sua import\u00e2ncia\u201d, detalha a nota de imprensa.<\/p>\n","protected":false},"excerpt":{"rendered":"O Governo galego vai reconhecer tr\u00eas percursos culturais que come\u00e7am em Portugal, no \u00e2mbito da cria\u00e7\u00e3o de uma&hellip;\n","protected":false},"author":2,"featured_media":206172,"comment_status":"","ping_status":"","sticky":false,"template":"","format":"standard","meta":{"footnotes":""},"categories":[10],"tags":[1912,27,28,7075,40679,15,16,287,16201,14,25,26,21,22,12,13,19,20,7077,32,23,24,33,16202,25484,17,18,7079,29,30,31],"class_list":{"0":"post-206171","1":"post","2":"type-post","3":"status-publish","4":"format-standard","5":"has-post-thumbnail","7":"category-portugal","8":"tag-braga","9":"tag-breaking-news","10":"tag-breakingnews","11":"tag-caminhadas","12":"tag-caminhos-de-santiago","13":"tag-featured-news","14":"tag-featurednews","15":"tag-fugas","16":"tag-galiza","17":"tag-headlines","18":"tag-latest-news","19":"tag-latestnews","20":"tag-main-news","21":"tag-mainnews","22":"tag-news","23":"tag-noticias","24":"tag-noticias-principais","25":"tag-noticiasprincipais","26":"tag-percursos-pedestres","27":"tag-portugal","28":"tag-principais-noticias","29":"tag-principaisnoticias","30":"tag-pt","31":"tag-santiago-de-compostela","32":"tag-santo-tirso","33":"tag-top-stories","34":"tag-topstories","35":"tag-trilhos","36":"tag-ultimas","37":"tag-ultimas-noticias","38":"tag-ultimasnoticias"},"share_on_mastodon":{"url":"","error":"Validation failed: Text character limit of 500 exceeded"},"_links":{"self":[{"href":"https:\/\/www.europesays.com\/pt\/wp-json\/wp\/v2\/posts\/206171","targetHints":{"allow":["GET"]}}],"collection":[{"href":"https:\/\/www.europesays.com\/pt\/wp-json\/wp\/v2\/posts"}],"about":[{"href":"https:\/\/www.europesays.com\/pt\/wp-json\/wp\/v2\/types\/post"}],"author":[{"embeddable":true,"href":"https:\/\/www.europesays.com\/pt\/wp-json\/wp\/v2\/users\/2"}],"replies":[{"embeddable":true,"href":"https:\/\/www.europesays.com\/pt\/wp-json\/wp\/v2\/comments?post=206171"}],"version-history":[{"count":0,"href":"https:\/\/www.europesays.com\/pt\/wp-json\/wp\/v2\/posts\/206171\/revisions"}],"wp:featuredmedia":[{"embeddable":true,"href":"https:\/\/www.europesays.com\/pt\/wp-json\/wp\/v2\/media\/206172"}],"wp:attachment":[{"href":"https:\/\/www.europesays.com\/pt\/wp-json\/wp\/v2\/media?parent=206171"}],"wp:term":[{"taxonomy":"category","embeddable":true,"href":"https:\/\/www.europesays.com\/pt\/wp-json\/wp\/v2\/categories?post=206171"},{"taxonomy":"post_tag","embeddable":true,"href":"https:\/\/www.europesays.com\/pt\/wp-json\/wp\/v2\/tags?post=206171"}],"curies":[{"name":"wp","href":"https:\/\/api.w.org\/{rel}","templated":true}]}}