{"id":206177,"date":"2025-12-29T11:57:11","date_gmt":"2025-12-29T11:57:11","guid":{"rendered":"https:\/\/www.europesays.com\/pt\/206177\/"},"modified":"2025-12-29T11:57:11","modified_gmt":"2025-12-29T11:57:11","slug":"fantastico-fecha-2025-com-pior-ano-de-ibope-na-historia-29-12-2025-outro-canal","status":"publish","type":"post","link":"https:\/\/www.europesays.com\/pt\/206177\/","title":{"rendered":"Fant\u00e1stico fecha 2025 com pior ano de ibope na hist\u00f3ria &#8211; 29\/12\/2025 &#8211; Outro Canal"},"content":{"rendered":"<p>\n<strong class=\"c-signature__location\">Aracaju <\/strong>\n<\/p>\n<p>Em termos de audi\u00eancia, o <a href=\"https:\/\/www1.folha.uol.com.br\/folha-topicos\/fantastico\/\" rel=\"nofollow noopener\" target=\"_blank\">Fant\u00e1stico<\/a> ter\u00e1 um 2025 para esquecer. A revista eletr\u00f4nica da <a href=\"https:\/\/www1.folha.uol.com.br\/folha-topicos\/globo\/\" rel=\"nofollow noopener\" target=\"_blank\">Globo<\/a> fechou o ano com a pior n\u00famero na d\u00e9cada e o resultado mais baixo desde a sua estreia, em 1973.<\/p>\n<p>  <a href=\"https:\/\/f5.folha.uol.com.br\/colunistas\/outro-canal\/\" rel=\"nofollow noopener\" target=\"_blank\"><br \/>\n    <img decoding=\"async\" src=\"https:\/\/www.europesays.com\/pt\/wp-content\/uploads\/2025\/10\/172599691166e09f6f54fe2_1725996911_1x1_xs.jpg\" alt=\"Foto de Outro Canal\" class=\"img-responsive c-lazyload\"\/><\/p>\n<p>  <\/a><\/p>\n<p class=\"author__description\">\n    Cobre diariamente os bastidores das novelas, do telejornalismo e da m\u00eddia esportiva. Tem como titular o jornalista Gabriel Vaquer\n  <\/p>\n","protected":false},"excerpt":{"rendered":"Aracaju Em termos de audi\u00eancia, o Fant\u00e1stico ter\u00e1 um 2025 para esquecer. A revista eletr\u00f4nica da Globo fechou&hellip;\n","protected":false},"author":2,"featured_media":206178,"comment_status":"","ping_status":"","sticky":false,"template":"","format":"standard","meta":{"footnotes":""},"categories":[142],"tags":[219,211,223,114,115,224,225,6107,226,753,221,220,222,15848,17644,37306,32,33,2566,218,228,151,227],"class_list":{"0":"post-206177","1":"post","2":"type-post","3":"status-publish","4":"format-standard","5":"has-post-thumbnail","7":"category-tv","8":"tag-bichos","9":"tag-celebridades","10":"tag-colunistas","11":"tag-entertainment","12":"tag-entretenimento","13":"tag-estranho","14":"tag-eu-amo","15":"tag-fantstico","16":"tag-fofices","17":"tag-globo","18":"tag-horoscopo","19":"tag-humanos","20":"tag-humor","21":"tag-jornal-hoje","22":"tag-maju-coutinho","23":"tag-poliana-abritta","24":"tag-portugal","25":"tag-pt","26":"tag-televiso","27":"tag-televisao","28":"tag-tudo","29":"tag-tv","30":"tag-videos"},"share_on_mastodon":{"url":"https:\/\/pubeurope.com\/@pt\/115802737448717976","error":""},"_links":{"self":[{"href":"https:\/\/www.europesays.com\/pt\/wp-json\/wp\/v2\/posts\/206177","targetHints":{"allow":["GET"]}}],"collection":[{"href":"https:\/\/www.europesays.com\/pt\/wp-json\/wp\/v2\/posts"}],"about":[{"href":"https:\/\/www.europesays.com\/pt\/wp-json\/wp\/v2\/types\/post"}],"author":[{"embeddable":true,"href":"https:\/\/www.europesays.com\/pt\/wp-json\/wp\/v2\/users\/2"}],"replies":[{"embeddable":true,"href":"https:\/\/www.europesays.com\/pt\/wp-json\/wp\/v2\/comments?post=206177"}],"version-history":[{"count":0,"href":"https:\/\/www.europesays.com\/pt\/wp-json\/wp\/v2\/posts\/206177\/revisions"}],"wp:featuredmedia":[{"embeddable":true,"href":"https:\/\/www.europesays.com\/pt\/wp-json\/wp\/v2\/media\/206178"}],"wp:attachment":[{"href":"https:\/\/www.europesays.com\/pt\/wp-json\/wp\/v2\/media?parent=206177"}],"wp:term":[{"taxonomy":"category","embeddable":true,"href":"https:\/\/www.europesays.com\/pt\/wp-json\/wp\/v2\/categories?post=206177"},{"taxonomy":"post_tag","embeddable":true,"href":"https:\/\/www.europesays.com\/pt\/wp-json\/wp\/v2\/tags?post=206177"}],"curies":[{"name":"wp","href":"https:\/\/api.w.org\/{rel}","templated":true}]}}