{"id":206212,"date":"2025-12-29T12:18:14","date_gmt":"2025-12-29T12:18:14","guid":{"rendered":"https:\/\/www.europesays.com\/pt\/206212\/"},"modified":"2025-12-29T12:18:14","modified_gmt":"2025-12-29T12:18:14","slug":"japao-apresentou-um-submarino-diferente-de-tudo-o-que-ja-vimos","status":"publish","type":"post","link":"https:\/\/www.europesays.com\/pt\/206212\/","title":{"rendered":"Jap\u00e3o apresentou um submarino diferente de tudo o que j\u00e1 vimos"},"content":{"rendered":"<p>O Jap\u00e3o apresentou um novo submarino que est\u00e1 a captar a aten\u00e7\u00e3o da comunidade internacional pela forma como rompe com d\u00e9cadas de design tradicional.<\/p>\n<p><a target=\"_blank\" href=\"https:\/\/pplware.sapo.pt\/wp-content\/uploads\/2025\/12\/submarino_japao00.webp\" rel=\"nofollow noopener\"><img fetchpriority=\"high\" decoding=\"async\" src=\"https:\/\/www.europesays.com\/pt\/wp-content\/uploads\/2025\/12\/submarino_japao00-720x405.webp.webp\" alt=\"Imagem do novo submarino do Jap\u00e3o\" width=\"720\" height=\"405\" class=\"aligncenter wp-image-1095567 size-medium\"  \/><\/a><\/p>\n<p>Mais do que uma simples evolu\u00e7\u00e3o, trata-se de uma mudan\u00e7a clara na abordagem japonesa \u00e0 guerra submarina, num contexto de crescente tens\u00e3o no Indo-Pac\u00edfico.<\/p>\n<p>Um design pensado para ser invis\u00edvel<\/p>\n<p>Ao contr\u00e1rio dos submarinos convencionais, o novo modelo japon\u00eas aposta <strong>numa forma exterior profundamente otimizada<\/strong> para reduzir a assinatura ac\u00fastica e hidrodin\u00e2mica.<\/p>\n<p>As linhas s\u00e3o mais limpas, os volumes mais integrados e praticamente n\u00e3o existem sali\u00eancias vis\u00edveis.<\/p>\n<p>O que torna este novo submarino japon\u00eas verdadeiramente \u00fanico<\/p>\n<p><strong>1. Design furtivo radicalmente diferente:<\/strong><br \/>\no casco foi redesenhado com linhas mais limpas e superf\u00edcies cont\u00ednuas, reduzindo a reflex\u00e3o de ondas sonoras e a resist\u00eancia hidrodin\u00e2mica.<\/p>\n<p><strong>2. Assinatura sonora extremamente reduzida:<\/strong><br \/>\ntodos os sistemas internos foram pensados para minimizar vibra\u00e7\u00f5es, tornando o submarino mais dif\u00edcil de detetar por sonares modernos.<\/p>\n<p><strong>3. Gest\u00e3o energ\u00e9tica de nova gera\u00e7\u00e3o:<\/strong><br \/>\nintegra baterias mais eficientes e sistemas inteligentes de distribui\u00e7\u00e3o de energia, aumentando a autonomia em imers\u00e3o.<\/p>\n<p><strong>4. Automa\u00e7\u00e3o avan\u00e7ada a bordo:<\/strong><br \/>\no elevado n\u00edvel de automa\u00e7\u00e3o reduz a carga de trabalho da tripula\u00e7\u00e3o e melhora a efici\u00eancia operacional em miss\u00f5es prolongadas.<\/p>\n<p><strong>5. Concebido para a guerra naval do futuro:<\/strong><br \/>\nest\u00e1 preparado para operar em ambientes altamente vigiados, com sensores mais sens\u00edveis e integra\u00e7\u00e3o em redes navais modernas.<\/p>\n<p>Este cuidado extremo no desenho tem um objetivo claro: tornar o <strong>submarino mais dif\u00edcil de detetar por sonares<\/strong> ativos e passivos, reduzindo ru\u00eddo, turbul\u00eancia e reflex\u00f5es sonoras.<\/p>\n<p>Menos ru\u00eddo, mais sobreviv\u00eancia<\/p>\n<p>Um dos pilares deste projeto \u00e9 o controlo do ru\u00eddo. O casco, os sistemas internos e a propuls\u00e3o foram desenvolvidos para minimizar vibra\u00e7\u00f5es.<\/p>\n<p>Em opera\u00e7\u00f5es submarinas modernas, ser silencioso \u00e9 muitas vezes mais importante do que ser r\u00e1pido ou fortemente armado.<\/p>\n<p>Este avan\u00e7o coloca o Jap\u00e3o num patamar tecnol\u00f3gico compar\u00e1vel, ou mesmo superior, ao de outras pot\u00eancias navais com longa tradi\u00e7\u00e3o em submarinos furtivos.<\/p>\n<p><a target=\"_blank\" href=\"https:\/\/pplware.sapo.pt\/wp-content\/uploads\/2025\/12\/submarino_japao01.webp\" rel=\"nofollow noopener\"><img loading=\"lazy\" decoding=\"async\" aria-describedby=\"caption-attachment-1095570\" src=\"https:\/\/www.europesays.com\/pt\/wp-content\/uploads\/2025\/12\/submarino_japao01-720x405.webp.webp\" alt=\"Imagem submarino do Jap\u00e3o\" width=\"720\" height=\"405\" class=\"wp-image-1095570 size-medium\"  \/><\/a><\/p>\n<p id=\"caption-attachment-1095570\" class=\"wp-caption-text\">4.\u00ba Submarino de Ataque da Classe Taigei da For\u00e7a de Autodefesa Mar\u00edtima do Jap\u00e3o Raigei (SS-516). Em plena pot\u00eancia, o sistema de i\u00f5es de l\u00edtio permite ao Sogei atingir velocidades de 20 n\u00f3s quando submerso.<\/p>\n<p>Quase t\u00e3o vers\u00e1til como um submarino nuclear<\/p>\n<p>O <strong>submarino integra sistemas avan\u00e7ados de gest\u00e3o de energia<\/strong>, sensores mais sens\u00edveis e automa\u00e7\u00e3o refor\u00e7ada. Isto permite reduzir a carga de trabalho da tripula\u00e7\u00e3o e aumentar a autonomia operacional, algo crucial em miss\u00f5es prolongadas de vigil\u00e2ncia e dissuas\u00e3o.<\/p>\n<p>A aposta em <a target=\"_blank\" href=\"https:\/\/pplware.sapo.pt\/motores\/submarino-japones-alimentado-por-baterias-de-ioes-de-litio\/\" rel=\"nofollow noopener\">baterias mais eficientes<\/a> e em sistemas eletr\u00f3nicos de \u00faltima gera\u00e7\u00e3o mostra que o Jap\u00e3o est\u00e1 a preparar-se para cen\u00e1rios de conflito cada vez mais complexos e tecnologicamente exigentes.<\/p>\n<blockquote class=\"tw-align-center twitter-tweet\" data-media-max-width=\"720\">\n<p lang=\"en\" dir=\"ltr\">Japan Maritime Self-Defense Force 4th Taigei-class Attack Submarine Raigei (SS-516) <a target=\"_blank\" href=\"https:\/\/t.co\/nG8Dofj4dU\" rel=\"nofollow\">pic.twitter.com\/nG8Dofj4dU<\/a><\/p>\n<p>\u2014 The Maritime (@themaritimenet) <a target=\"_blank\" href=\"https:\/\/twitter.com\/themaritimenet\/status\/1717281361948451050?ref_src=twsrc%5Etfw\" rel=\"nofollow noopener\">October 25, 2023<\/a><\/p>\n<\/blockquote>\n<p>Um sinal claro no tabuleiro geopol\u00edtico<\/p>\n<p>Este novo submarino surge num momento estrat\u00e9gico. O Jap\u00e3o procura refor\u00e7ar a sua capacidade defensiva mar\u00edtima face \u00e0 crescente presen\u00e7a naval da China e \u00e0s incertezas na regi\u00e3o do Pac\u00edfico.<\/p>\n<p>Operado pela <a target=\"_blank\" href=\"https:\/\/www.mod.go.jp\/msdf\/en\/\" rel=\"nofollow noopener\">Japan Maritime Self-Defense Force<\/a> e desenvolvido com o envolvimento da <strong>Mitsubishi Heavy Industries,<\/strong> este submarino n\u00e3o \u00e9 apenas uma plataforma militar. \u00c9 tamb\u00e9m uma declara\u00e7\u00e3o tecnol\u00f3gica e pol\u00edtica.<\/p>\n<p>Muito mais do que uma evolu\u00e7\u00e3o incremental<\/p>\n<p>O que distingue este submarino n\u00e3o \u00e9 apenas um conjunto de melhorias t\u00e9cnicas. \u00c9 a filosofia por tr\u00e1s do projeto: menos vis\u00edvel, <strong>mais inteligente e melhor preparado<\/strong> para a guerra naval do s\u00e9culo XXI.<\/p>\n<p>Num mundo onde a dete\u00e7\u00e3o precoce pode definir o desfecho de um conflito, o Jap\u00e3o mostra que est\u00e1 disposto a liderar pela inova\u00e7\u00e3o silenciosa.<\/p>\n<p>\t\t\t\t\t\t<script async src=\"https:\/\/platform.twitter.com\/widgets.js\" charset=\"utf-8\"><\/script><\/p>\n","protected":false},"excerpt":{"rendered":"O Jap\u00e3o apresentou um novo submarino que est\u00e1 a captar a aten\u00e7\u00e3o da comunidade internacional pela forma como&hellip;\n","protected":false},"author":2,"featured_media":206213,"comment_status":"","ping_status":"","sticky":false,"template":"","format":"standard","meta":{"footnotes":""},"categories":[83],"tags":[88,89,90,461,32,33,6323],"class_list":{"0":"post-206212","1":"post","2":"type-post","3":"status-publish","4":"format-standard","5":"has-post-thumbnail","7":"category-empresas","8":"tag-business","9":"tag-economy","10":"tag-empresas","11":"tag-japao","12":"tag-portugal","13":"tag-pt","14":"tag-submarino"},"share_on_mastodon":{"url":"https:\/\/pubeurope.com\/@pt\/115802820086963087","error":""},"_links":{"self":[{"href":"https:\/\/www.europesays.com\/pt\/wp-json\/wp\/v2\/posts\/206212","targetHints":{"allow":["GET"]}}],"collection":[{"href":"https:\/\/www.europesays.com\/pt\/wp-json\/wp\/v2\/posts"}],"about":[{"href":"https:\/\/www.europesays.com\/pt\/wp-json\/wp\/v2\/types\/post"}],"author":[{"embeddable":true,"href":"https:\/\/www.europesays.com\/pt\/wp-json\/wp\/v2\/users\/2"}],"replies":[{"embeddable":true,"href":"https:\/\/www.europesays.com\/pt\/wp-json\/wp\/v2\/comments?post=206212"}],"version-history":[{"count":0,"href":"https:\/\/www.europesays.com\/pt\/wp-json\/wp\/v2\/posts\/206212\/revisions"}],"wp:featuredmedia":[{"embeddable":true,"href":"https:\/\/www.europesays.com\/pt\/wp-json\/wp\/v2\/media\/206213"}],"wp:attachment":[{"href":"https:\/\/www.europesays.com\/pt\/wp-json\/wp\/v2\/media?parent=206212"}],"wp:term":[{"taxonomy":"category","embeddable":true,"href":"https:\/\/www.europesays.com\/pt\/wp-json\/wp\/v2\/categories?post=206212"},{"taxonomy":"post_tag","embeddable":true,"href":"https:\/\/www.europesays.com\/pt\/wp-json\/wp\/v2\/tags?post=206212"}],"curies":[{"name":"wp","href":"https:\/\/api.w.org\/{rel}","templated":true}]}}