{"id":206214,"date":"2025-12-29T12:19:11","date_gmt":"2025-12-29T12:19:11","guid":{"rendered":"https:\/\/www.europesays.com\/pt\/206214\/"},"modified":"2025-12-29T12:19:11","modified_gmt":"2025-12-29T12:19:11","slug":"pelo-menos-um-morto-em-colisao-de-helicopteros-em-pleno-ar-na-nova-jersia","status":"publish","type":"post","link":"https:\/\/www.europesays.com\/pt\/206214\/","title":{"rendered":"Pelo menos um morto em colis\u00e3o de helic\u00f3pteros em pleno ar na Nova J\u00e9rsia"},"content":{"rendered":"<p data-remotead-prev-elm=\"true\" data-remotead-elm-id=\"inread\">O chefe da pol\u00edcia de Hammonton, Kevin Friel, disse que as equipas de resgate responderam a uma chamada de acidente a\u00e9reo por volta das 11.25 horas deste domingo (16.25 horas em Portugal continental), e que a pol\u00edcia e os bombeiros extinguiram as chamas que consumiram um dos helic\u00f3pteros.<\/p>\n<p>A Administra\u00e7\u00e3o Federal de Avia\u00e7\u00e3o (FAA, na sigla em ingl\u00eas) descreveu o acidente como uma colis\u00e3o no ar entre um helic\u00f3ptero Enstrom F-28A e um helic\u00f3ptero Enstrom 280C, ocorrida sobre o aeroporto municipal de Hammonton. Apenas os pilotos se encontravam a bordo das aeronaves acidentadas. Um morreu e outro foi transportado com ferimentos graves para um hospital pr\u00f3ximo.<\/p>\n<p>Imagens do local mostraram um helic\u00f3ptero a rodar rapidamente em dire\u00e7\u00e3o ao solo, antes de se despenhar.<\/p>\n<p data-remotead-prev-elm=\"true\" data-remotead-elm-id=\"centro1\">Hammonton \u00e9 uma cidade com cerca de 15 mil habitantes, localizada no condado de Atlantic, no sul de Nova J\u00e9rsia, a cerca de 56 quil\u00f3metros a sudeste de Filad\u00e9lfia.<\/p>\n<p>A FAA e o Conselho Nacional de Seguran\u00e7a nos Transportes foram notificados e v\u00e3o investigar o acidente, disse ainda Kevin Friel.<\/p>\n","protected":false},"excerpt":{"rendered":"O chefe da pol\u00edcia de Hammonton, Kevin Friel, disse que as equipas de resgate responderam a uma chamada&hellip;\n","protected":false},"author":2,"featured_media":206215,"comment_status":"","ping_status":"","sticky":false,"template":"","format":"standard","meta":{"footnotes":""},"categories":[50],"tags":[1310,27,28,413,15,16,14,25,26,21,22,62,12,13,19,20,23,24,17,18,29,30,31,63,64,65],"class_list":{"0":"post-206214","1":"post","2":"type-post","3":"status-publish","4":"format-standard","5":"has-post-thumbnail","7":"category-mundo","8":"tag-aviacao","9":"tag-breaking-news","10":"tag-breakingnews","11":"tag-eua","12":"tag-featured-news","13":"tag-featurednews","14":"tag-headlines","15":"tag-latest-news","16":"tag-latestnews","17":"tag-main-news","18":"tag-mainnews","19":"tag-mundo","20":"tag-news","21":"tag-noticias","22":"tag-noticias-principais","23":"tag-noticiasprincipais","24":"tag-principais-noticias","25":"tag-principaisnoticias","26":"tag-top-stories","27":"tag-topstories","28":"tag-ultimas","29":"tag-ultimas-noticias","30":"tag-ultimasnoticias","31":"tag-world","32":"tag-world-news","33":"tag-worldnews"},"share_on_mastodon":{"url":"https:\/\/pubeurope.com\/@pt\/115802824010084854","error":""},"_links":{"self":[{"href":"https:\/\/www.europesays.com\/pt\/wp-json\/wp\/v2\/posts\/206214","targetHints":{"allow":["GET"]}}],"collection":[{"href":"https:\/\/www.europesays.com\/pt\/wp-json\/wp\/v2\/posts"}],"about":[{"href":"https:\/\/www.europesays.com\/pt\/wp-json\/wp\/v2\/types\/post"}],"author":[{"embeddable":true,"href":"https:\/\/www.europesays.com\/pt\/wp-json\/wp\/v2\/users\/2"}],"replies":[{"embeddable":true,"href":"https:\/\/www.europesays.com\/pt\/wp-json\/wp\/v2\/comments?post=206214"}],"version-history":[{"count":0,"href":"https:\/\/www.europesays.com\/pt\/wp-json\/wp\/v2\/posts\/206214\/revisions"}],"wp:featuredmedia":[{"embeddable":true,"href":"https:\/\/www.europesays.com\/pt\/wp-json\/wp\/v2\/media\/206215"}],"wp:attachment":[{"href":"https:\/\/www.europesays.com\/pt\/wp-json\/wp\/v2\/media?parent=206214"}],"wp:term":[{"taxonomy":"category","embeddable":true,"href":"https:\/\/www.europesays.com\/pt\/wp-json\/wp\/v2\/categories?post=206214"},{"taxonomy":"post_tag","embeddable":true,"href":"https:\/\/www.europesays.com\/pt\/wp-json\/wp\/v2\/tags?post=206214"}],"curies":[{"name":"wp","href":"https:\/\/api.w.org\/{rel}","templated":true}]}}