{"id":206224,"date":"2025-12-29T12:27:07","date_gmt":"2025-12-29T12:27:07","guid":{"rendered":"https:\/\/www.europesays.com\/pt\/206224\/"},"modified":"2025-12-29T12:27:07","modified_gmt":"2025-12-29T12:27:07","slug":"shang-chi-2-simu-liu-diz-quais-seriam-os-diretores-ideais-para-comandar-a-sequencia","status":"publish","type":"post","link":"https:\/\/www.europesays.com\/pt\/206224\/","title":{"rendered":"Shang-Chi 2 | Simu Liu diz quais seriam os diretores ideais para comandar a sequ\u00eancia"},"content":{"rendered":"<p class=\"wp-block-yoast-seo-estimated-reading-time yoast-reading-time__wrapper\">Estimated reading time: 2 minutos<\/p>\n<p>Considerando a possibilidade de <a href=\"https:\/\/ovicio.com.br\/tag\/destin-daniel-cretton\" target=\"_blank\" rel=\"noreferrer noopener nofollow\">Destin Daniel Cretton<\/a> n\u00e3o retornar para a cadeira de dire\u00e7\u00e3o de <a href=\"https:\/\/ovicio.com.br\/tag\/shang-chi-2\" target=\"_blank\" rel=\"noreferrer noopener nofollow\">Shang-Chi 2<\/a>, o ator<strong> Simu Liu<\/strong> j\u00e1 tem os nomes ideais para comandar sua almejada sequ\u00eancia.<\/p>\n<p>Enquanto se prepara para seu retorno ao MCU como o Mestre do Kung Fu, em uma nova s\u00e9rie de perguntas e respostas em seu X, um usu\u00e1rio questionou quais diretores ele designaria para o filme.<\/p>\n<p>A d\u00favida levou o astro \u00e0 esta resposta: <strong>&#8220;Lee Isaac Chung (Twisters), os Daniels (Tudo em Todo o Lugar ao Mesmo Tempo) e Chlo\u00e9 Zhao (Eternos).&#8221;<\/strong><\/p>\n<p>At\u00e9 onde sabemos,<strong> Cretton <\/strong>pretende retomar o desenvolvimento de <strong>Shang-Chi 2<\/strong> ap\u00f3s encerrar definitivamente seu trabalho em <a href=\"https:\/\/ovicio.com.br\/tag\/homem-aranha-4\" target=\"_blank\" rel=\"noreferrer noopener nofollow\">Homem-Aranha: Um Novo Dia (2026)<\/a>, seu projeto seguinte para a franquia.<\/p>\n<p>Sequ\u00eancia est\u00e1 avan\u00e7ada em seu desenvolvimento?<\/p>\n<p>Embora maiores informa\u00e7\u00f5es sobre o status da continua\u00e7\u00e3o de <strong>Shang-Chi<\/strong> n\u00e3o tenham sido reveladas, acredita-se que o<strong> Destin Daniel Cretton<\/strong> j\u00e1 havia finalizado grande parte do roteiro antes de embarcar na produ\u00e7\u00e3o de <strong>Homem-Aranha 4<\/strong>.<\/p>\n<p>O filme, provavelmente, entrar\u00e1 para o calend\u00e1rio de lan\u00e7amentos da <a href=\"https:\/\/ovicio.com.br\/tag\/marvel-studios\" target=\"_blank\" rel=\"noreferrer noopener nofollow\">Marvel Studios<\/a> p\u00f3s-Saga do Multiverso, sendo lan\u00e7ado em algum momento ap\u00f3s 2028.<\/p>\n<p>O super-her\u00f3i de <a href=\"https:\/\/ovicio.com.br\/tag\/simu-liu\" target=\"_blank\" rel=\"noreferrer noopener nofollow\">Simu Liu<\/a>, por sua vez, voltar\u00e1 nas telonas no megaevento de <a href=\"https:\/\/ovicio.com.br\/tag\/vingadores-doutor-destino\" target=\"_blank\" rel=\"noreferrer noopener nofollow\">Vingadores: Doutor Destino<\/a>, que estrear\u00e1 em <strong>18 de dezembro de 2026.<\/strong><\/p>\n<p>Leia mais sobre Shang-Chi 2 e Simu Liu:<\/p>\n<p><strong>Fonte: <\/strong><a href=\"https:\/\/x.com\/SimuLiu\/status\/2005243980049731661\" target=\"_blank\" rel=\"noreferrer noopener nofollow\">X\/Twitter<\/a>.<\/p>\n","protected":false},"excerpt":{"rendered":"Estimated reading time: 2 minutos Considerando a possibilidade de Destin Daniel Cretton n\u00e3o retornar para a cadeira de&hellip;\n","protected":false},"author":2,"featured_media":206225,"comment_status":"","ping_status":"","sticky":false,"template":"","format":"standard","meta":{"footnotes":""},"categories":[140],"tags":[40681,40682,14099,114,115,147,148,40683,12733,146,32,33,40684,40685,13308,38893],"class_list":{"0":"post-206224","1":"post","2":"type-post","3":"status-publish","4":"format-standard","5":"has-post-thumbnail","7":"category-filmes","8":"tag-chloe-zhao","9":"tag-daniels","10":"tag-destin-daniel-cretton","11":"tag-entertainment","12":"tag-entretenimento","13":"tag-film","14":"tag-filmes","15":"tag-lee-isaac-chung","16":"tag-marvel-studios","17":"tag-movies","18":"tag-portugal","19":"tag-pt","20":"tag-shang-chi-2","21":"tag-shang-chi-a-lenda-dos-dez-aneis","22":"tag-simu-liu","23":"tag-vingadores-doutor-destino"},"share_on_mastodon":{"url":"https:\/\/pubeurope.com\/@pt\/115802855500417259","error":""},"_links":{"self":[{"href":"https:\/\/www.europesays.com\/pt\/wp-json\/wp\/v2\/posts\/206224","targetHints":{"allow":["GET"]}}],"collection":[{"href":"https:\/\/www.europesays.com\/pt\/wp-json\/wp\/v2\/posts"}],"about":[{"href":"https:\/\/www.europesays.com\/pt\/wp-json\/wp\/v2\/types\/post"}],"author":[{"embeddable":true,"href":"https:\/\/www.europesays.com\/pt\/wp-json\/wp\/v2\/users\/2"}],"replies":[{"embeddable":true,"href":"https:\/\/www.europesays.com\/pt\/wp-json\/wp\/v2\/comments?post=206224"}],"version-history":[{"count":0,"href":"https:\/\/www.europesays.com\/pt\/wp-json\/wp\/v2\/posts\/206224\/revisions"}],"wp:featuredmedia":[{"embeddable":true,"href":"https:\/\/www.europesays.com\/pt\/wp-json\/wp\/v2\/media\/206225"}],"wp:attachment":[{"href":"https:\/\/www.europesays.com\/pt\/wp-json\/wp\/v2\/media?parent=206224"}],"wp:term":[{"taxonomy":"category","embeddable":true,"href":"https:\/\/www.europesays.com\/pt\/wp-json\/wp\/v2\/categories?post=206224"},{"taxonomy":"post_tag","embeddable":true,"href":"https:\/\/www.europesays.com\/pt\/wp-json\/wp\/v2\/tags?post=206224"}],"curies":[{"name":"wp","href":"https:\/\/api.w.org\/{rel}","templated":true}]}}