{"id":206234,"date":"2025-12-29T12:33:16","date_gmt":"2025-12-29T12:33:16","guid":{"rendered":"https:\/\/www.europesays.com\/pt\/206234\/"},"modified":"2025-12-29T12:33:16","modified_gmt":"2025-12-29T12:33:16","slug":"russia-acusa-a-europa-de-ser-o-principal-obstaculo-a-paz-na-ucrania-invasao-da-ucrania","status":"publish","type":"post","link":"https:\/\/www.europesays.com\/pt\/206234\/","title":{"rendered":"R\u00fassia acusa a Europa de ser o &#8220;principal obst\u00e1culo&#8221; \u00e0 paz na Ucr\u00e2nia &#8211; Invas\u00e3o da Ucr\u00e2nia"},"content":{"rendered":"<p class=\"\">&#13;<br \/>\n        O ministro russo dos Neg\u00f3cios Estrangeiros, Sergei Lavrov, acusou este domingo a Uni\u00e3o Europeia (UE) de &#8220;ser o principal obst\u00e1culo&#8221; \u00e0 paz na Ucr\u00e2nia. S\u00e3o declara\u00e7\u00f5es publicadas a poucas horas do encontro entre os presidente Volodimyr Zelensky e Donald Trump, na Florida, nos Estados Unidos.&#13;\n    <\/p>\n<p class=\"\">&#13;<br \/>\n        Numa entrevista \u00e0 ag\u00eancia de not\u00edcias estatal russa TASS, Lavrov disse que a UE &#8220;n\u00e3o esconde o facto de que se est\u00e1 a preparar para enfrentar a R\u00fassia no campo de batalha&#8221;.&#13;\n    <\/p>\n<p class=\"\">&#13;<br \/>\n        &#8220;Vemos que o regime de Zelensky e os seus apoiantes europeus n\u00e3o est\u00e3o prontos para participar em negocia\u00e7\u00f5es construtivas&#8221;, acrescentando que o Kremlin &#8220;aprecia os esfor\u00e7os do presidente dos Estados Unidos, Donald Trump, e da sua equipa para alcan\u00e7ar um acordo de paz&#8221;.&#13;\n    <\/p>\n<p class=\"\">&#13;<br \/>\n        As declara\u00e7\u00f5es de Lavrov foram publicados enquanto <a href=\"https:\/\/www.jornaldenegocios.pt\/economia\/europa\/invasao-da-ucrania\/detalhe\/zelensky-viaja-este-domingo-para-a-florida-para-assegurar-apoio-dos-eua\" target=\"_self\" rel=\"tag nofollow noopener\">Zelensky est\u00e1 a caminho da Florida<\/a> para se encontrar com Trump na sua propriedade privada em Mar-a-lago, com o objetivo de retomar as negocia\u00e7\u00f5es sobre as propostas que est\u00e3o em cima da mesa para p\u00f4r fim ao conflito com a R\u00fassia. A reuni\u00e3o est\u00e1 prevista para come\u00e7ar \u00e0s 13:00, hora da Florida (18:00 em Lisboa).&#13;\n    <\/p>\n<p class=\"\">&#13;<br \/>\n        A reuni\u00e3o segue-se a semanas de negocia\u00e7\u00f5es entre enviados dos EUA, da Ucr\u00e2nia e da R\u00fassia, desde que Trump prop\u00f4s um plano de paz de 28 pontos em novembro. A <a href=\"https:\/\/www.jornaldenegocios.pt\/economia\/europa\/invasao-da-ucrania\/detalhe\/ucrania-apresentou-a-mais-recente-versao-do-plano-de-paz-aos-eua\" target=\"_self\" rel=\"tag nofollow noopener\">proposta foi revista para 20 pontos<\/a>, com Zelensky a apresentar os detalhes na semana passada.&#13;\n    <\/p>\n<p class=\"\">&#13;<br \/>\n        Este s\u00e1bado, Moscovo bombardeou a capital ucraniana com um dos ataques a\u00e9reos mais intensos das \u00faltimas semanas. A ag\u00eancia AP indicou que o ataque causou um morto.&#13;\n    <\/p>\n","protected":false},"excerpt":{"rendered":"&#13; O ministro russo dos Neg\u00f3cios Estrangeiros, Sergei Lavrov, acusou este domingo a Uni\u00e3o Europeia (UE) de &#8220;ser&hellip;\n","protected":false},"author":2,"featured_media":206235,"comment_status":"","ping_status":"","sticky":false,"template":"","format":"standard","meta":{"footnotes":""},"categories":[50],"tags":[27,28,14584,92,235,15,16,14,25,26,21,22,1437,62,12,13,19,20,23,24,839,17,18,840,29,30,31,636,63,64,65],"class_list":{"0":"post-206234","1":"post","2":"type-post","3":"status-publish","4":"format-standard","5":"has-post-thumbnail","7":"category-mundo","8":"tag-breaking-news","9":"tag-breakingnews","10":"tag-conflito-guerra-e-paz","11":"tag-donald-trump","12":"tag-estados-unidos","13":"tag-featured-news","14":"tag-featurednews","15":"tag-headlines","16":"tag-latest-news","17":"tag-latestnews","18":"tag-main-news","19":"tag-mainnews","20":"tag-morte","21":"tag-mundo","22":"tag-news","23":"tag-noticias","24":"tag-noticias-principais","25":"tag-noticiasprincipais","26":"tag-principais-noticias","27":"tag-principaisnoticias","28":"tag-russia","29":"tag-top-stories","30":"tag-topstories","31":"tag-ucrania","32":"tag-ultimas","33":"tag-ultimas-noticias","34":"tag-ultimasnoticias","35":"tag-uniao-europeia","36":"tag-world","37":"tag-world-news","38":"tag-worldnews"},"share_on_mastodon":{"url":"","error":"Validation failed: Text character limit of 500 exceeded"},"_links":{"self":[{"href":"https:\/\/www.europesays.com\/pt\/wp-json\/wp\/v2\/posts\/206234","targetHints":{"allow":["GET"]}}],"collection":[{"href":"https:\/\/www.europesays.com\/pt\/wp-json\/wp\/v2\/posts"}],"about":[{"href":"https:\/\/www.europesays.com\/pt\/wp-json\/wp\/v2\/types\/post"}],"author":[{"embeddable":true,"href":"https:\/\/www.europesays.com\/pt\/wp-json\/wp\/v2\/users\/2"}],"replies":[{"embeddable":true,"href":"https:\/\/www.europesays.com\/pt\/wp-json\/wp\/v2\/comments?post=206234"}],"version-history":[{"count":0,"href":"https:\/\/www.europesays.com\/pt\/wp-json\/wp\/v2\/posts\/206234\/revisions"}],"wp:featuredmedia":[{"embeddable":true,"href":"https:\/\/www.europesays.com\/pt\/wp-json\/wp\/v2\/media\/206235"}],"wp:attachment":[{"href":"https:\/\/www.europesays.com\/pt\/wp-json\/wp\/v2\/media?parent=206234"}],"wp:term":[{"taxonomy":"category","embeddable":true,"href":"https:\/\/www.europesays.com\/pt\/wp-json\/wp\/v2\/categories?post=206234"},{"taxonomy":"post_tag","embeddable":true,"href":"https:\/\/www.europesays.com\/pt\/wp-json\/wp\/v2\/tags?post=206234"}],"curies":[{"name":"wp","href":"https:\/\/api.w.org\/{rel}","templated":true}]}}