{"id":206248,"date":"2025-12-29T12:44:12","date_gmt":"2025-12-29T12:44:12","guid":{"rendered":"https:\/\/www.europesays.com\/pt\/206248\/"},"modified":"2025-12-29T12:44:12","modified_gmt":"2025-12-29T12:44:12","slug":"the-lowdown-as-aventuras-de-ethan-hawke-em-tulsa-streaming","status":"publish","type":"post","link":"https:\/\/www.europesays.com\/pt\/206248\/","title":{"rendered":"The Lowdown: as aventuras de Ethan Hawke em Tulsa | Streaming"},"content":{"rendered":"<p>Com bastante atraso para o que \u00e9 habitual nos dias que correm, The Lowdown, a nova s\u00e9rie de Sterlin Harjo chegou ao Disney+ no fim-de-semana passado, j\u00e1 demasiado tarde para aparecer nas listas europeias da melhor televis\u00e3o do ano que agora termina \u2014 surgiu, ainda assim, em v\u00e1rios best of internacionais.<\/p>\n<p>Harjo foi o respons\u00e1vel por <a href=\"https:\/\/www.publico.pt\/2023\/12\/06\/culturaipsilon\/critica\/reservation-dogs-putos-vao-ficar-bem-2072463\" rel=\"nofollow noopener\" target=\"_blank\">Reservation Dogs<\/a>, a s\u00e9rie sobre o coming of age de um grupo de adolescentes numa reserva ind\u00edgena no Oklahoma que acabou em 2023, pelo que qualquer coisa nova que fizesse geraria muitas expectativas. The Lowdown tinha passado originalmente nos Estados Unidos, no canal FX, entre Setembro e Novembro. \u00c9 um neo-noir bastante c\u00f3mico com Ethan Hawke \u2014 que tamb\u00e9m chegou a aparecer l\u00e1 para o fim da outra s\u00e9rie deste criador \u2014 na pele de Lee Raybon, um livreiro de Tulsa, tamb\u00e9m no Oklahoma, que se auto-intitula um &#8220;truthstorian&#8221;, ou seja, um historiador que conta a verdade, e que escreve artigos sobre assuntos locais sens\u00edveis.<\/p>\n<p>A personagem de Raybon foi inspirada numa pessoa da vida real, Lee Roy Chapman, um homem de Tulsa que, algures entre os pap\u00e9is de jornalista e de historiador, muito investigou a tens\u00e3o racial na cidade, que em 1921 foi palco de um c\u00e9lebre massacre supremacista branco. Quando a s\u00e9rie come\u00e7a, Raybon acabou de publicar um texto sobre uma poderosa fam\u00edlia local, os Washberg. Um deles est\u00e1 a candidatar-se a governador do estado, enquanto outro morre, no que aparenta ter sido um suic\u00eddio. O protagonista n\u00e3o acredita nessa vers\u00e3o e come\u00e7a a tentar descobrir o que se passou ao certo, acabando, como qualquer personagem principal de um neo-noir de detectives e investiga\u00e7\u00e3o, por ser alvo de viol\u00eancia f\u00edsica, muitas vezes sem perceber o que est\u00e1 a acontecer.<\/p>\n<p>        &#13;<br \/>\n             <a class=\"embedly-card\" data-card-controls=\"0\" href=\"https:\/\/www.youtube.com\/watch?v=cE9bq37W3Qo\" rel=\"nofollow noopener\" target=\"_blank\">&#13;<\/p>\n<p>Al\u00e9m disso, como tamb\u00e9m \u00e9 usual neste tipo de hist\u00f3rias, n\u00e3o \u00e9 um tipo a quem a vida corra de fei\u00e7\u00e3o: n\u00e3o tem muito dinheiro e a ex-mulher vai voltar a casar. \u00c9 idealista e luta por aquilo em que acredita, mas \u00e9 tamb\u00e9m capaz de se passar e de destratar as pessoas com que se cruza. Pelo meio disto tudo h\u00e1 ainda nazis, segredos do passado obscuro da cidade e conspira\u00e7\u00f5es actuais.<\/p>\n<p>\u00c9 esta a hist\u00f3ria dos oito epis\u00f3dios da s\u00e9rie, quatro dos quais realizados pelo pr\u00f3prio Harjo. O \u00f3ptimo Hawke, <a href=\"https:\/\/www.publico.pt\/2025\/02\/18\/culturaipsilon\/noticia\/ethan-hawke-richard-linklater-fizeram-filme-cancao-2122994\" rel=\"nofollow noopener\" target=\"_blank\">a gozar neste momento de uma popularidade renovada<\/a>, aparece ao lado de um vasto elenco que inclui Keith David, Jeanne Tripplehorn, Tim Blake Nelson, Kyle MacLachlan, Tracy Letts, Killer Mike, Kaniehtiio Horn, Ryan Kiera Armstrong ou Macon Blair \u2014 que realiza dois epis\u00f3dios \u2014, mas tamb\u00e9m, em participa\u00e7\u00f5es mais pequenas, Peter Dinklage, o recentemente desaparecido Graham Greene ou John Doe, da banda punk X.<\/p>\n<p>Muito do tempo \u00e9 passado com estas pessoas a interagirem umas com as outras, nas suas particularidades, nem sempre havendo perigo, viol\u00eancia ou pontos importantes para o enredo a esconder-se nas entrelinhas. Cada recanto da s\u00e9rie e, por conseguinte, da cidade parece estar cheio de vida. The Lowdown \u00e9 assim genuinamente divertida, mesmo que haja sangue e coisas muito m\u00e1s a acontecer. \u00c9 excelente televis\u00e3o.<\/p>\n<p>A s\u00e9rie est\u00e1 recheada de in\u00fameras refer\u00eancias culturais, dos livros de Jim Thompson, lend\u00e1rio escritor de policiais (uma pista importante para o mist\u00e9rio), aos quadros de Joe Brainard e ao outlaw country, incluindo pessoas que n\u00e3o conseguem distinguir Willie Nelson de Waylon Jennings, dois dos maiores nomes deste subg\u00e9nero musical.<\/p>\n","protected":false},"excerpt":{"rendered":"Com bastante atraso para o que \u00e9 habitual nos dias que correm, The Lowdown, a nova s\u00e9rie de&hellip;\n","protected":false},"author":2,"featured_media":206249,"comment_status":"","ping_status":"","sticky":false,"template":"","format":"standard","meta":{"footnotes":""},"categories":[85],"tags":[315,1413,114,115,32,33,941,940,218],"class_list":{"0":"post-206248","1":"post","2":"type-post","3":"status-publish","4":"format-standard","5":"has-post-thumbnail","7":"category-entretenimento","8":"tag-cultura","9":"tag-cultura-ipsilon","10":"tag-entertainment","11":"tag-entretenimento","12":"tag-portugal","13":"tag-pt","14":"tag-series","15":"tag-streaming","16":"tag-televisao"},"share_on_mastodon":{"url":"https:\/\/pubeurope.com\/@pt\/115802922309510177","error":""},"_links":{"self":[{"href":"https:\/\/www.europesays.com\/pt\/wp-json\/wp\/v2\/posts\/206248","targetHints":{"allow":["GET"]}}],"collection":[{"href":"https:\/\/www.europesays.com\/pt\/wp-json\/wp\/v2\/posts"}],"about":[{"href":"https:\/\/www.europesays.com\/pt\/wp-json\/wp\/v2\/types\/post"}],"author":[{"embeddable":true,"href":"https:\/\/www.europesays.com\/pt\/wp-json\/wp\/v2\/users\/2"}],"replies":[{"embeddable":true,"href":"https:\/\/www.europesays.com\/pt\/wp-json\/wp\/v2\/comments?post=206248"}],"version-history":[{"count":0,"href":"https:\/\/www.europesays.com\/pt\/wp-json\/wp\/v2\/posts\/206248\/revisions"}],"wp:featuredmedia":[{"embeddable":true,"href":"https:\/\/www.europesays.com\/pt\/wp-json\/wp\/v2\/media\/206249"}],"wp:attachment":[{"href":"https:\/\/www.europesays.com\/pt\/wp-json\/wp\/v2\/media?parent=206248"}],"wp:term":[{"taxonomy":"category","embeddable":true,"href":"https:\/\/www.europesays.com\/pt\/wp-json\/wp\/v2\/categories?post=206248"},{"taxonomy":"post_tag","embeddable":true,"href":"https:\/\/www.europesays.com\/pt\/wp-json\/wp\/v2\/tags?post=206248"}],"curies":[{"name":"wp","href":"https:\/\/api.w.org\/{rel}","templated":true}]}}