{"id":206260,"date":"2025-12-29T12:50:08","date_gmt":"2025-12-29T12:50:08","guid":{"rendered":"https:\/\/www.europesays.com\/pt\/206260\/"},"modified":"2025-12-29T12:50:08","modified_gmt":"2025-12-29T12:50:08","slug":"ator-pede-pix-a-fas-e-diz-que-esta-com-dificuldade-para-comprar-comida","status":"publish","type":"post","link":"https:\/\/www.europesays.com\/pt\/206260\/","title":{"rendered":"Ator pede pix a f\u00e3s e diz que est\u00e1 com dificuldade para comprar comida"},"content":{"rendered":"<p class=\"texto\"><strong>FOLHAPRESS<\/strong> &#8211; Com dificuldades financeiras, M\u00e1rio Gomes, de 73 anos, decidiu recorrer aos f\u00e3s. O ator publicou um v\u00eddeo em suas redes sociais pedindo pix aos seguidores.<\/p>\n<p class=\"texto\">&#8220;Sempre fiz muitos projetos, e o dinheiro foi consequ\u00eancia. Perdi minha casa no ano passado de forma desonesta. Neste ano perdi todo meu dinheiro, mas tenho recebido muitas sugest\u00f5es de seguidores falando para eu fazer uma vaquinha pedindo R$ 10 de cada um&#8221;, falou o artista.<\/p>\n<p class=\"texto\">&#8220;Relutei muito, mas acabei cedendo e estou fazendo isso: estou pedindo uma vaquinha. N\u00e3o precisa ser R$ 10, qualquer valor vai me ajudar muito. Est\u00e1 ficando muito dif\u00edcil, est\u00e1 faltando coisa para comer&#8221;, desabafou.<\/p>\n<p class=\"texto\">O ator disse ainda que est\u00e1 pensando em novos projetos e que, assim que se estabilizar financeiramente, poder\u00e1 ir adiante com as novidades profissionais. &#8220;Me aguardem, n\u00e3o sou de conversa fiada. O que eu falo, eu fa\u00e7o&#8221;, encerrou.<\/p>\n<p class=\"texto\">A rea\u00e7\u00e3o dos seguidores foi, em sua maioria, de apoio. Muitos disseram ter feito contribui\u00e7\u00f5es. &#8220;Vou colaborar, tamo junto&#8221;, escreveu um f\u00e3. &#8220;Feito&#8221; e &#8220;j\u00e1 fiz&#8221;, comentaram outras duas seguidoras.<\/p>\n<p class=\"texto\">Nos \u00faltimos anos, M\u00e1rio Gomes passou por v\u00e1rias dificuldades. Essa n\u00e3o \u00e9 a primeira vez que o ator pede dinheiro na internet. No ano passado, ap\u00f3s ser despejado da mans\u00e3o onde morava, ele pediu pix de R$ 1 aos seguidores. Na \u00e9poca, tamb\u00e9m chegou a vender sandu\u00edche na praia.<\/p>\n<p class=\"texto\"><a href=\"https:\/\/whatsapp.com\/channel\/0029Va8e466AO7RPLL06EL2h\" target=\"_blank\" rel=\"nofollow noopener\"><strong>Siga nosso canal no WhatsApp e receba not\u00edcias relevantes para o seu dia<\/strong><\/a><\/p>\n<p>D\u00edvida trabalhista<\/p>\n<p class=\"texto\">Em setembro de 2024, M\u00e1rio Gomes foi despejado da casa onde morava no Jo\u00e1, bairro luxuoso do Rio de Janeiro. A casa foi leiloada para pagar d\u00edvidas trabalhistas de 84 costureiras de uma antiga confec\u00e7\u00e3o que ele tinha no Paran\u00e1. A casa, de frente para o mar e avaliada em mais de R$ 20 milh\u00f5es, foi arrematada por R$ 720 mil.<\/p>\n","protected":false},"excerpt":{"rendered":"FOLHAPRESS &#8211; Com dificuldades financeiras, M\u00e1rio Gomes, de 73 anos, decidiu recorrer aos f\u00e3s. O ator publicou um&hellip;\n","protected":false},"author":2,"featured_media":206261,"comment_status":"","ping_status":"","sticky":false,"template":"","format":"standard","meta":{"footnotes":""},"categories":[145],"tags":[1753,211,210,114,115,32,33,548],"class_list":{"0":"post-206260","1":"post","2":"type-post","3":"status-publish","4":"format-standard","5":"has-post-thumbnail","7":"category-celebridades","8":"tag-artes","9":"tag-celebridades","10":"tag-celebrities","11":"tag-entertainment","12":"tag-entretenimento","13":"tag-portugal","14":"tag-pt","15":"tag-redes-sociais"},"share_on_mastodon":{"url":"https:\/\/pubeurope.com\/@pt\/115802945822095251","error":""},"_links":{"self":[{"href":"https:\/\/www.europesays.com\/pt\/wp-json\/wp\/v2\/posts\/206260","targetHints":{"allow":["GET"]}}],"collection":[{"href":"https:\/\/www.europesays.com\/pt\/wp-json\/wp\/v2\/posts"}],"about":[{"href":"https:\/\/www.europesays.com\/pt\/wp-json\/wp\/v2\/types\/post"}],"author":[{"embeddable":true,"href":"https:\/\/www.europesays.com\/pt\/wp-json\/wp\/v2\/users\/2"}],"replies":[{"embeddable":true,"href":"https:\/\/www.europesays.com\/pt\/wp-json\/wp\/v2\/comments?post=206260"}],"version-history":[{"count":0,"href":"https:\/\/www.europesays.com\/pt\/wp-json\/wp\/v2\/posts\/206260\/revisions"}],"wp:featuredmedia":[{"embeddable":true,"href":"https:\/\/www.europesays.com\/pt\/wp-json\/wp\/v2\/media\/206261"}],"wp:attachment":[{"href":"https:\/\/www.europesays.com\/pt\/wp-json\/wp\/v2\/media?parent=206260"}],"wp:term":[{"taxonomy":"category","embeddable":true,"href":"https:\/\/www.europesays.com\/pt\/wp-json\/wp\/v2\/categories?post=206260"},{"taxonomy":"post_tag","embeddable":true,"href":"https:\/\/www.europesays.com\/pt\/wp-json\/wp\/v2\/tags?post=206260"}],"curies":[{"name":"wp","href":"https:\/\/api.w.org\/{rel}","templated":true}]}}