{"id":206283,"date":"2025-12-29T13:07:06","date_gmt":"2025-12-29T13:07:06","guid":{"rendered":"https:\/\/www.europesays.com\/pt\/206283\/"},"modified":"2025-12-29T13:07:06","modified_gmt":"2025-12-29T13:07:06","slug":"vem-ai-terra-forte-cobra-lanca-acusacao-e-deixa-maria-de-fatima-em-choque-novelas","status":"publish","type":"post","link":"https:\/\/www.europesays.com\/pt\/206283\/","title":{"rendered":"Vem a\u00ed \u00abTerra Forte\u00bb: Cobra lan\u00e7a acusa\u00e7\u00e3o e deixa Maria de F\u00e1tima em choque &#8211; Novelas"},"content":{"rendered":"<p data-end=\"388\" data-start=\"153\"><strong data-end=\"191\" data-start=\"153\">Em \u00abTerra Forte\u00bb, <\/strong><strong data-end=\"1290\" data-start=\"1220\"><a href=\"https:\/\/tvi.iol.pt\/novelas\/ator\/maria-de-fatima\/68ee548bd34ee0c2fed13d9c\" rel=\"nofollow noopener\" target=\"_blank\">Maria de F\u00e1tima (Rita Pereira)<\/a><\/strong><strong data-end=\"191\" data-start=\"153\"> mostra-se aliviada<\/strong> quando <a href=\"https:\/\/tvi.iol.pt\/novelas\/ator\/antonio\/68ee5b98d34e58bc6796e13a\" rel=\"nofollow noopener\" target=\"_blank\">Ant\u00f3nio (Jo\u00e3o Catarr\u00e9)<\/a> afirma acreditar que <strong data-end=\"295\" data-start=\"232\">n\u00e3o foi ela quem quis colocar o retrato de Flor na A\u00e7oreana<\/strong>, depois de ter percebido o quanto ela ama a irm\u00e3, sobretudo ap\u00f3s a ter <strong data-end=\"385\" data-start=\"367\">salvo na praia<\/strong>.<\/p>\n<p data-end=\"765\" data-start=\"390\">Para assinalar o momento, <a href=\"https:\/\/tvi.iol.pt\/novelas\/videos\/terra-forte-sammy-fica-sem-chao-ao-descobrir-que-flor-e-a-mae-de-rosinha\/68f7b83e0cf29d28d8297a75\" rel=\"nofollow noopener\" target=\"_blank\">Sammy (Jos\u00e9 Fidalgo)<\/a>\u00a0<strong data-end=\"442\" data-start=\"416\"> prop\u00f5e um brinde<\/strong>, celebrando o <strong data-end=\"495\" data-start=\"457\">regresso de Maria de F\u00e1tima a casa<\/strong>. Ainda assim, Maria de F\u00e1tima lan\u00e7a um <strong data-end=\"569\" data-start=\"535\">olhar desconfiado a Rosa Maria<\/strong>, recusando acreditar que tenha sido ela a interferir para que Sammy lhe pedisse desculpa. <strong data-end=\"718\" data-start=\"660\">Susette e Leumi observam a situa\u00e7\u00e3o com ar desconfiado<\/strong>, percebendo que h\u00e1 algo mal resolvido no ar.<\/p>\n<p data-end=\"1107\" data-start=\"767\">Mais tarde, <strong data-end=\"822\" data-start=\"779\">Maria de F\u00e1tima fica visivelmente tensa<\/strong> quando <a href=\"https:\/\/tvi.iol.pt\/novelas\/videos\/terra-forte-maria-de-fatima-e-cobra-sao-cumplices-em-varios-crimes\/6900dcc00cf29d28d82991f2\" rel=\"nofollow noopener\" target=\"_blank\">Cobra (Ricardo Burgos)<\/a><strong data-end=\"893\" data-start=\"830\"> a acusa de ter regressado a casa por ainda amar Sammy<\/strong>. Cobra vai mais longe e afirma j\u00e1 n\u00e3o acreditar que Maria de F\u00e1tima tenha sentimentos verdadeiros por ele, mas acaba por se calar quando ela lhe recorda que <strong data-end=\"1104\" data-start=\"1051\">\u00e9 gra\u00e7as a ela que ele leva uma vida de abastan\u00e7a<\/strong>.<\/p>\n<p data-end=\"1274\" data-start=\"1109\">Pensativo, <strong data-end=\"1168\" data-start=\"1120\">Cobra afasta-se e faz uma chamada misteriosa<\/strong>, dizendo apenas que <strong data-end=\"1220\" data-start=\"1189\">precisa de falar com algu\u00e9m<\/strong>, deixando antever que poder\u00e1 estar a preparar algo.<\/p>\n<p data-end=\"1274\" data-start=\"1109\">Relembre-se que cobra j\u00e1 pressionou Maria de F\u00e1tima a deixar Sammy:<\/p>\n","protected":false},"excerpt":{"rendered":"Em \u00abTerra Forte\u00bb, Maria de F\u00e1tima (Rita Pereira) mostra-se aliviada quando Ant\u00f3nio (Jo\u00e3o Catarr\u00e9) afirma acreditar que n\u00e3o&hellip;\n","protected":false},"author":2,"featured_media":206284,"comment_status":"","ping_status":"","sticky":false,"template":"","format":"standard","meta":{"footnotes":""},"categories":[142],"tags":[160,166,114,115,157,167,2727,164,161,158,165,159,32,33,156,31381,5871,163,151,162],"class_list":{"0":"post-206283","1":"post","2":"type-post","3":"status-publish","4":"format-standard","5":"has-post-thumbnail","7":"category-tv","8":"tag-ana-guiomar","9":"tag-cristina-ferreira","10":"tag-entertainment","11":"tag-entretenimento","12":"tag-festa-e-festa","13":"tag-ficcao","14":"tag-joao-catarre","15":"tag-jose-fidalgo","16":"tag-novelas","17":"tag-para-sempre","18":"tag-pedro-sousa","19":"tag-pedro-teixeira","20":"tag-portugal","21":"tag-pt","22":"tag-queridos-papas","23":"tag-ricardo-burgos","24":"tag-rita-pereira","25":"tag-tiago-teotonio-pereira","26":"tag-tv","27":"tag-tvi"},"share_on_mastodon":{"url":"https:\/\/pubeurope.com\/@pt\/115803012618076322","error":""},"_links":{"self":[{"href":"https:\/\/www.europesays.com\/pt\/wp-json\/wp\/v2\/posts\/206283","targetHints":{"allow":["GET"]}}],"collection":[{"href":"https:\/\/www.europesays.com\/pt\/wp-json\/wp\/v2\/posts"}],"about":[{"href":"https:\/\/www.europesays.com\/pt\/wp-json\/wp\/v2\/types\/post"}],"author":[{"embeddable":true,"href":"https:\/\/www.europesays.com\/pt\/wp-json\/wp\/v2\/users\/2"}],"replies":[{"embeddable":true,"href":"https:\/\/www.europesays.com\/pt\/wp-json\/wp\/v2\/comments?post=206283"}],"version-history":[{"count":0,"href":"https:\/\/www.europesays.com\/pt\/wp-json\/wp\/v2\/posts\/206283\/revisions"}],"wp:featuredmedia":[{"embeddable":true,"href":"https:\/\/www.europesays.com\/pt\/wp-json\/wp\/v2\/media\/206284"}],"wp:attachment":[{"href":"https:\/\/www.europesays.com\/pt\/wp-json\/wp\/v2\/media?parent=206283"}],"wp:term":[{"taxonomy":"category","embeddable":true,"href":"https:\/\/www.europesays.com\/pt\/wp-json\/wp\/v2\/categories?post=206283"},{"taxonomy":"post_tag","embeddable":true,"href":"https:\/\/www.europesays.com\/pt\/wp-json\/wp\/v2\/tags?post=206283"}],"curies":[{"name":"wp","href":"https:\/\/api.w.org\/{rel}","templated":true}]}}