{"id":206287,"date":"2025-12-29T13:10:11","date_gmt":"2025-12-29T13:10:11","guid":{"rendered":"https:\/\/www.europesays.com\/pt\/206287\/"},"modified":"2025-12-29T13:10:11","modified_gmt":"2025-12-29T13:10:11","slug":"wolfswinkel-de-regresso-a-alvalade-alguns-lugares-nunca-deixam-de-ser-casa","status":"publish","type":"post","link":"https:\/\/www.europesays.com\/pt\/206287\/","title":{"rendered":"Wolfswinkel de regresso a Alvalade: \u00abAlguns lugares nunca deixam de ser casa&#8230;\u00bb"},"content":{"rendered":"<p>A noite deste domingo no Est\u00e1dio Jos\u00e9 Alvalade ficou marcada pela vit\u00f3ria confort\u00e1vel do Sporting sobre o Rio Ave (4-0) e o regresso de Ricky Van Wolfswinkel a uma casa que bem conhece.<\/p>\n<p>O avan\u00e7ado neerland\u00eas esteve nas bancadas e aproveitou para deixar uma mensagem aos adeptos leoninos. \u00abAlguns lugares nunca deixam de ser casa. Obrigado pela rece\u00e7\u00e3o calorosa. Sporting sempre\u00bb, pode ler-se.<\/p>\n<p>Recorde-se que Wolfswinkel representou os le\u00f5es entre as temporadas de 2011\/12 e 2012\/13, tendo apontado um total de 45 golos em 88 jogos pela equipa principal do Sporting.<\/p>\n<p><strong>Assista aqui ao v\u00eddeo publicado por Wolfswinkel:<\/strong>\u00a0<\/p>\n","protected":false},"excerpt":{"rendered":"A noite deste domingo no Est\u00e1dio Jos\u00e9 Alvalade ficou marcada pela vit\u00f3ria confort\u00e1vel do Sporting sobre o Rio&hellip;\n","protected":false},"author":2,"featured_media":206288,"comment_status":"","ping_status":"","sticky":false,"template":"","format":"standard","meta":{"footnotes":""},"categories":[87],"tags":[135,11952,36,46,32,33,47,40688,9819,34,134],"class_list":{"0":"post-206287","1":"post","2":"type-post","3":"status-publish","4":"format-standard","5":"has-post-thumbnail","7":"category-desporto","8":"tag-desporto","9":"tag-estadio-jose-alvalade","10":"tag-liga","11":"tag-maisfutebol","12":"tag-portugal","13":"tag-pt","14":"tag-pura-paixao","15":"tag-ricky-van-wolfswinkel","16":"tag-rio-ave","17":"tag-sporting","18":"tag-sports"},"share_on_mastodon":{"url":"https:\/\/pubeurope.com\/@pt\/115803024526725100","error":""},"_links":{"self":[{"href":"https:\/\/www.europesays.com\/pt\/wp-json\/wp\/v2\/posts\/206287","targetHints":{"allow":["GET"]}}],"collection":[{"href":"https:\/\/www.europesays.com\/pt\/wp-json\/wp\/v2\/posts"}],"about":[{"href":"https:\/\/www.europesays.com\/pt\/wp-json\/wp\/v2\/types\/post"}],"author":[{"embeddable":true,"href":"https:\/\/www.europesays.com\/pt\/wp-json\/wp\/v2\/users\/2"}],"replies":[{"embeddable":true,"href":"https:\/\/www.europesays.com\/pt\/wp-json\/wp\/v2\/comments?post=206287"}],"version-history":[{"count":0,"href":"https:\/\/www.europesays.com\/pt\/wp-json\/wp\/v2\/posts\/206287\/revisions"}],"wp:featuredmedia":[{"embeddable":true,"href":"https:\/\/www.europesays.com\/pt\/wp-json\/wp\/v2\/media\/206288"}],"wp:attachment":[{"href":"https:\/\/www.europesays.com\/pt\/wp-json\/wp\/v2\/media?parent=206287"}],"wp:term":[{"taxonomy":"category","embeddable":true,"href":"https:\/\/www.europesays.com\/pt\/wp-json\/wp\/v2\/categories?post=206287"},{"taxonomy":"post_tag","embeddable":true,"href":"https:\/\/www.europesays.com\/pt\/wp-json\/wp\/v2\/tags?post=206287"}],"curies":[{"name":"wp","href":"https:\/\/api.w.org\/{rel}","templated":true}]}}