{"id":206297,"date":"2025-12-29T13:15:28","date_gmt":"2025-12-29T13:15:28","guid":{"rendered":"https:\/\/www.europesays.com\/pt\/206297\/"},"modified":"2025-12-29T13:15:28","modified_gmt":"2025-12-29T13:15:28","slug":"tempestade-faz-dois-mortos-e-deixa-40-mil-pessoas-sem-eletricidade-na-suecia","status":"publish","type":"post","link":"https:\/\/www.europesays.com\/pt\/206297\/","title":{"rendered":"Tempestade faz dois mortos e deixa 40 mil pessoas sem eletricidade na Su\u00e9cia"},"content":{"rendered":"<p data-remotead-prev-elm=\"true\" data-remotead-elm-id=\"inread\">Um homem de 50 anos morreu na cidade sueca de Sandviken, atingido por um tronco de \u00e1rvore, e outro, com cerca de 60 anos, morreu enquanto realizava tarefas de limpeza e corte de \u00e1rvores.<\/p>\n<p>A queda de \u00e1rvores provocou v\u00e1rios incidentes em todo o pa\u00eds n\u00f3rdico. Em v\u00e1rias estradas, o tr\u00e1fego foi interrompido, causando longas filas, segundo o jornal &#8220;Dagens Nyheter&#8221;.<\/p>\n<p>As autoridades suecas trabalharam durante todo o s\u00e1bado para facilitar o tr\u00e1fego rodovi\u00e1rio e pediram aos cidad\u00e3os para n\u00e3o sa\u00edrem de casa at\u00e9 que a tempestade passe. S\u00f3 no centro da Su\u00e9cia, cerca de mil \u00e1rvores foram derrubadas pelo vento e pela neve.<\/p>\n<p>As fortes rajadas de vento tamb\u00e9m provocaram a destrui\u00e7\u00e3o de v\u00e1rias infraestruturas, como o telhado de um hotel na localidade de Sundvall. Uma pessoa teve de ser transportada para o hospital depois de ficar presa sob um telhado met\u00e1lico.<\/p>\n","protected":false},"excerpt":{"rendered":"Um homem de 50 anos morreu na cidade sueca de Sandviken, atingido por um tronco de \u00e1rvore, e&hellip;\n","protected":false},"author":2,"featured_media":206298,"comment_status":"","ping_status":"","sticky":false,"template":"","format":"standard","meta":{"footnotes":""},"categories":[50],"tags":[27,28,15,16,14,25,26,21,22,8532,62,12,13,19,20,23,24,5928,20982,17,18,29,30,31,63,64,65],"class_list":{"0":"post-206297","1":"post","2":"type-post","3":"status-publish","4":"format-standard","5":"has-post-thumbnail","7":"category-mundo","8":"tag-breaking-news","9":"tag-breakingnews","10":"tag-featured-news","11":"tag-featurednews","12":"tag-headlines","13":"tag-latest-news","14":"tag-latestnews","15":"tag-main-news","16":"tag-mainnews","17":"tag-mau-tempo","18":"tag-mundo","19":"tag-news","20":"tag-noticias","21":"tag-noticias-principais","22":"tag-noticiasprincipais","23":"tag-principais-noticias","24":"tag-principaisnoticias","25":"tag-suecia","26":"tag-tempestade","27":"tag-top-stories","28":"tag-topstories","29":"tag-ultimas","30":"tag-ultimas-noticias","31":"tag-ultimasnoticias","32":"tag-world","33":"tag-world-news","34":"tag-worldnews"},"share_on_mastodon":{"url":"https:\/\/pubeurope.com\/@pt\/115803044197300739","error":""},"_links":{"self":[{"href":"https:\/\/www.europesays.com\/pt\/wp-json\/wp\/v2\/posts\/206297","targetHints":{"allow":["GET"]}}],"collection":[{"href":"https:\/\/www.europesays.com\/pt\/wp-json\/wp\/v2\/posts"}],"about":[{"href":"https:\/\/www.europesays.com\/pt\/wp-json\/wp\/v2\/types\/post"}],"author":[{"embeddable":true,"href":"https:\/\/www.europesays.com\/pt\/wp-json\/wp\/v2\/users\/2"}],"replies":[{"embeddable":true,"href":"https:\/\/www.europesays.com\/pt\/wp-json\/wp\/v2\/comments?post=206297"}],"version-history":[{"count":0,"href":"https:\/\/www.europesays.com\/pt\/wp-json\/wp\/v2\/posts\/206297\/revisions"}],"wp:featuredmedia":[{"embeddable":true,"href":"https:\/\/www.europesays.com\/pt\/wp-json\/wp\/v2\/media\/206298"}],"wp:attachment":[{"href":"https:\/\/www.europesays.com\/pt\/wp-json\/wp\/v2\/media?parent=206297"}],"wp:term":[{"taxonomy":"category","embeddable":true,"href":"https:\/\/www.europesays.com\/pt\/wp-json\/wp\/v2\/categories?post=206297"},{"taxonomy":"post_tag","embeddable":true,"href":"https:\/\/www.europesays.com\/pt\/wp-json\/wp\/v2\/tags?post=206297"}],"curies":[{"name":"wp","href":"https:\/\/api.w.org\/{rel}","templated":true}]}}