{"id":206303,"date":"2025-12-29T13:18:11","date_gmt":"2025-12-29T13:18:11","guid":{"rendered":"https:\/\/www.europesays.com\/pt\/206303\/"},"modified":"2025-12-29T13:18:11","modified_gmt":"2025-12-29T13:18:11","slug":"bruno-savate-incredulo-com-noticia-custa-a-aceitar","status":"publish","type":"post","link":"https:\/\/www.europesays.com\/pt\/206303\/","title":{"rendered":"Bruno Savate incr\u00e9dulo com not\u00edcia: &#8220;Custa a aceitar&#8221;"},"content":{"rendered":"<p><a href=\"https:\/\/selfie.iol.pt\/famosos\/casa-dos-segredos\/apos-expulsao-de-secret-story-leandro-fala-sobre-pedro-jorge-e-marisa-tenho-as-minhas-duvidas\/20261229\/6951d8f0d34e3caad84cdcbe\" target=\"_blank\" rel=\"nofollow noopener\">Leandro Martins foi expulso do &#8220;Secret Story&#8221;, da TVI<\/a>, na noite do passado domingo, dia 28, &#8220;morrendo, assim, na praia&#8221;, a tr\u00eas dias da grande final.<\/p>\n<p>Nas redes sociais, Bruno Savate comentou esta expuls\u00e3o. &#8220;A salva\u00e7\u00e3o da In\u00eas em primeiro lugar apanhou muita gente de surpresa, porque n\u00e3o refletiu aquilo que se tem visto no jogo nem o impacto real na casa. Quanto ao Leandro, \u00e9 mesmo uma injusti\u00e7a grande. Foi estratega, intenso, deu conte\u00fado, mexeu com o jogo e nunca passou despercebido. Jogadores assim s\u00e3o os que fazem um reality valer a pena &#8211; goste-se ou n\u00e3o deles. Ficar fora da final depois de tudo o que entregou custa a aceitar&#8221;, come\u00e7ou por escrever.<\/p>\n<p>&#8220;Infelizmente, nestes programas nem sempre chega ser bom jogador&#8230; \u00e0s vezes, pesa mais a narrativa do momento ou a mobiliza\u00e7\u00e3o silenciosa c\u00e1 fora. Mas uma coisa \u00e9 certa: o Leandro sai de cabe\u00e7a erguida e com o reconhecimento de quem percebe de jogo. O p\u00f3dio ficou claramente mais pobre hoje&#8221;, rematou Bruno Savate.<\/p>\n<p>Veja, agora, a publica\u00e7\u00e3o.<\/p>\n<p style=\"text-align:center\"><img loading=\"lazy\" decoding=\"async\" alt=\"\" height=\"545\" src=\"https:\/\/www.europesays.com\/pt\/wp-content\/uploads\/2025\/12\/69525161d34e3caad84cde1f.webp\" width=\"293\"\/><\/p>\n<p>\u00a0<\/p>\n","protected":false},"excerpt":{"rendered":"Leandro Martins foi expulso do &#8220;Secret Story&#8221;, da TVI, na noite do passado domingo, dia 28, &#8220;morrendo, assim,&hellip;\n","protected":false},"author":2,"featured_media":111385,"comment_status":"","ping_status":"","sticky":false,"template":"","format":"standard","meta":{"footnotes":""},"categories":[145],"tags":[1253,211,210,114,115,980,1015,26373,619,32,33,548,1315,1012],"class_list":{"0":"post-206303","1":"post","2":"type-post","3":"status-publish","4":"format-standard","5":"has-post-thumbnail","7":"category-celebridades","8":"tag-bruno-savate","9":"tag-celebridades","10":"tag-celebrities","11":"tag-entertainment","12":"tag-entretenimento","13":"tag-famosos","14":"tag-instagram","15":"tag-leandro-martins","16":"tag-nacional","17":"tag-portugal","18":"tag-pt","19":"tag-redes-sociais","20":"tag-secret-story","21":"tag-selfie"},"share_on_mastodon":{"url":"https:\/\/pubeurope.com\/@pt\/115803055915161897","error":""},"_links":{"self":[{"href":"https:\/\/www.europesays.com\/pt\/wp-json\/wp\/v2\/posts\/206303","targetHints":{"allow":["GET"]}}],"collection":[{"href":"https:\/\/www.europesays.com\/pt\/wp-json\/wp\/v2\/posts"}],"about":[{"href":"https:\/\/www.europesays.com\/pt\/wp-json\/wp\/v2\/types\/post"}],"author":[{"embeddable":true,"href":"https:\/\/www.europesays.com\/pt\/wp-json\/wp\/v2\/users\/2"}],"replies":[{"embeddable":true,"href":"https:\/\/www.europesays.com\/pt\/wp-json\/wp\/v2\/comments?post=206303"}],"version-history":[{"count":0,"href":"https:\/\/www.europesays.com\/pt\/wp-json\/wp\/v2\/posts\/206303\/revisions"}],"wp:featuredmedia":[{"embeddable":true,"href":"https:\/\/www.europesays.com\/pt\/wp-json\/wp\/v2\/media\/111385"}],"wp:attachment":[{"href":"https:\/\/www.europesays.com\/pt\/wp-json\/wp\/v2\/media?parent=206303"}],"wp:term":[{"taxonomy":"category","embeddable":true,"href":"https:\/\/www.europesays.com\/pt\/wp-json\/wp\/v2\/categories?post=206303"},{"taxonomy":"post_tag","embeddable":true,"href":"https:\/\/www.europesays.com\/pt\/wp-json\/wp\/v2\/tags?post=206303"}],"curies":[{"name":"wp","href":"https:\/\/api.w.org\/{rel}","templated":true}]}}