{"id":206323,"date":"2025-12-29T13:32:19","date_gmt":"2025-12-29T13:32:19","guid":{"rendered":"https:\/\/www.europesays.com\/pt\/206323\/"},"modified":"2025-12-29T13:32:19","modified_gmt":"2025-12-29T13:32:19","slug":"rafa-kalimann-desabafa-apos-polemica-de-nattan-na-reta-final-da-gravidez-era-pedir-muito","status":"publish","type":"post","link":"https:\/\/www.europesays.com\/pt\/206323\/","title":{"rendered":"Rafa Kalimann desabafa ap\u00f3s pol\u00eamica de Nattan na reta final da gravidez: &#8216;Era pedir muito&#8217;"},"content":{"rendered":"<p><strong><a href=\"https:\/\/caras.com.br\/tags\/rafa-kalimann\" rel=\"nofollow noopener\" target=\"_blank\">Rafa Kalimann<\/a> <\/strong>publicou um breve desabafo em suas redes sociais ap\u00f3s <a href=\"https:\/\/caras.com.br\/atualidades\/nattan-se-explica-apos-colocar-sua-musica-com-ze-felipe-em-foto-de-vini-jr.phtml\" rel=\"nofollow noopener\" target=\"_blank\">a pol\u00eamica envolvendo o namorado<\/a>, <strong><a href=\"https:\/\/caras.com.br\/tags\/nattan\" rel=\"nofollow noopener\" target=\"_blank\">Nattan<\/a><\/strong>, e uma montagem com a foto de <a href=\"https:\/\/caras.com.br\/tags\/ze-felipe\" rel=\"nofollow noopener\" target=\"_blank\"><strong>Z\u00e9 Felipe<\/strong><\/a> e <a href=\"https:\/\/caras.com.br\/tags\/vini-jr\" rel=\"nofollow noopener\" target=\"_blank\"><strong>Vini Jr<\/strong><\/a>. Em um texto compartilhado no close friends, uma esp\u00e9cie de \u2018melhores amigos\u2019 no Instagram, a atriz e influenciadora digital lamentou que o epis\u00f3dio tenha a atingido de certa forma.<\/p>\n<p>O desabafo de Rafa aconteceu logo ap\u00f3s a ex-namorada de Nattan curtir um coment\u00e1rio de uma internauta afirmando que ela possu\u00eda problemas com a famosa. A atriz, por sua vez, relatou que precisa de paz na reta final da gravidez. Para quem n\u00e3o sabe, ela est\u00e1 \u00e0 espera de <a href=\"https:\/\/caras.com.br\/tags\/zuza\" rel=\"nofollow noopener\" target=\"_blank\"><strong>Zuza<\/strong><\/a>, primeira filha do casal.<\/p>\n<p>\u201cEra pedir muito n\u00e3o ver meu nome envolvido em pol\u00eamica na \u00faltima semana de gravidez, n\u00e9? De alguma forma tinha que sobrar para mim e eu s\u00f3 preciso de paz agora\u2026 Ainda mais fomentando algo que todos sabem que n\u00e3o existiu, eu n\u00e3o tenho problema algum porque n\u00e3o fiz absolutamente nada\u2026 Isso s\u00f3 resulta em mil insultos e absurdos que preciso ler sem parar como est\u00e1 sendo aqui agora\u2026\u201c, escreveu Rafa Kalimann em um post divulgado pelo perfil \u2018Daily do Garotinho\u2019.<\/p>\n<p>Em seguida, a famosa revelou que decidiu se afastar das redes sociais para cuidar de si mesma e da filha, que est\u00e1 prestes a nascer: \u201cEstou me desligando daqui para cuidar de mim e da beb\u00ea quando ela chegar\u2026 J\u00e1 era para eu ter feito isso e eu estava procrastinando por estar sozinha em casa sem fazer nada, mas n\u00e3o tem hora mais prop\u00edcia at\u00e9 porque j\u00e1 sabemos que at\u00e9 amanh\u00e3 s\u00f3 vai aumentar\u2026\u201c, concluiu Rafa Kalimann.<\/p>\n<p>\t <img loading=\"lazy\" decoding=\"async\" class=\"size-full wp-image-1050750 img-fluid lazy\" alt=\"Rafa Kalimann desabafa ap\u00f3s pol\u00eamica envolvendo Nattan - Foto: Reprodu\u00e7\u00e3o \/ Instagram @dailydogarotinho \" width=\"1437\" height=\"801\" src=\"https:\/\/www.europesays.com\/pt\/wp-content\/uploads\/2025\/12\/desabafo-de-rafa-kalimann.jpg\"  \/>Rafa Kalimann desabafa ap\u00f3s pol\u00eamica envolvendo Nattan \u2013 Foto: Reprodu\u00e7\u00e3o \/ Instagram @dailydogarotinho <\/p>\n<blockquote class=\"instagram-media\" style=\"background: #FFF; border: 0; border-radius: 3px; box-shadow: 0 0 1px 0 rgba(0,0,0,0.5),0 1px 10px 0 rgba(0,0,0,0.15); margin: 1px; max-width: 540px; min-width: 326px; padding: 0; width: calc(100% - 2px);\" data-instgrm-captioned=\"\" data-instgrm-permalink=\"https:\/\/www.instagram.com\/p\/DS00sDYCep9\/?utm_source=ig_embed&amp;utm_campaign=loading\" data-instgrm-version=\"14\"><\/blockquote>\n<p>  Entenda a pol\u00eamica envolvendo Nattan <\/p>\n<p>Nos \u00faltimos dias, o cantor Nattan agitou as redes sociais ao publicar uma montagem com a foto de Z\u00e9 Felipe e Vini Jr. Na ocasi\u00e3o, o artista brincou sobre tudo estar em paz entre o ex-marido de Virginia Fonseca e o atual namorado da influenciadora.<\/p>\n<blockquote class=\"instagram-media\" style=\"background: #FFF; border: 0; border-radius: 3px; box-shadow: 0 0 1px 0 rgba(0,0,0,0.5),0 1px 10px 0 rgba(0,0,0,0.15); margin: 1px; max-width: 540px; min-width: 326px; padding: 0; width: calc(100% - 2px);\" data-instgrm-captioned=\"\" data-instgrm-permalink=\"https:\/\/www.instagram.com\/p\/DSyqCHYleHE\/?utm_source=ig_embed&amp;utm_campaign=loading\" data-instgrm-version=\"14\"><\/blockquote>\n<p>  Rafa Kalimann chama aten\u00e7\u00e3o ao exibir o barrig\u00e3o <\/p>\n<p>Rafa Kalimann encantou os seguidores no domingo, 28, ao <a href=\"https:\/\/caras.com.br\/atualidades\/as-vesperas-do-parto-rafa-kalimann-chama-atencao-ao-exibir-o-barrigao-veja-foto.phtml\" rel=\"nofollow noopener\" target=\"_blank\">exibir a silhueta da reta final de sua gesta\u00e7\u00e3o<\/a>. \u00c0 espera de Zuza, sua primeira filha com o cantor Nattan, a influenciadora compartilhou uma selfie em frente ao espelho onde aparece de biqu\u00edni vermelho, deixando o barrig\u00e3o em evid\u00eancia.<\/p>\n<p><strong>Leia tamb\u00e9m<\/strong>: <a href=\"https:\/\/caras.com.br\/bebe\/na-reta-final-da-gravidez-rafa-kalimann-mostra-detalhe-encantador-do-quarto-da-filha.phtml\" rel=\"nofollow noopener\" target=\"_blank\">Na reta final da gravidez, Rafa Kalimann mostra detalhe encantador do quarto da filha<\/a><\/p>\n<p> <img loading=\"lazy\" decoding=\"async\" class=\"size-full wp-image-1050707 img-fluid lazy\" alt=\"Rafa Kalimann - Foto: Reprodu\u00e7\u00e3o\/Instagram @rafakalimann\" width=\"1320\" height=\"2346\" src=\"https:\/\/www.europesays.com\/pt\/wp-content\/uploads\/2025\/12\/607481174_18568121212013342_1079465529537680090_n.jpg\"  \/>Rafa Kalimann \u2013 Foto: Reprodu\u00e7\u00e3o\/Instagram @rafakalimann<\/p>\n<p>        <a href=\"https:\/\/caras.com.br\/autor\/rafaela-oliveira\" rel=\"nofollow noopener\" target=\"_blank\">&#13;<br \/>\n          <img alt=\"Rafaela Oliveira\" src=\"https:\/\/www.europesays.com\/pt\/wp-content\/uploads\/2025\/12\/49f5322875970d1e29e5ff2c3d4db4418044337871973cc6a09a25acab0e8ff7.png\"  class=\"avatar avatar-115 photo rounded-circle mr-3\" height=\"115\" width=\"115\" loading=\"lazy\" decoding=\"async\"\/>        <\/a><\/p>\n<p>        <strong>Rafaela Oliveira<\/strong> \u00e9 rep\u00f3rter de conte\u00fado do site CARAS. Formada em jornalismo, j\u00e1 passou por sites como MaisNovela, Portal M\u00e1rcia Piovesan, Purepeople Brasil e Jornal O Dia. Escreve sobre celebridades, TV e reality show. (email: <a href=\"https:\/\/caras.com.br\/cdn-cgi\/l\/email-protection\" class=\"__cf_email__\" data-cfemail=\"bcceded3d0d5cad9d5cedde3dfd3d0dddefcdfddceddcf92dfd3d192dece\" rel=\"nofollow noopener\" target=\"_blank\">[email\u00a0protected]<\/a>)<\/p>\n<p>\t                                            <script async src=\"\/\/www.instagram.com\/embed.js\"><\/script><\/p>\n","protected":false},"excerpt":{"rendered":"Rafa Kalimann publicou um breve desabafo em suas redes sociais ap\u00f3s a pol\u00eamica envolvendo o namorado, Nattan, e&hellip;\n","protected":false},"author":2,"featured_media":206324,"comment_status":"","ping_status":"","sticky":false,"template":"","format":"standard","meta":{"footnotes":""},"categories":[145],"tags":[211,210,114,115,3881,32,33,2612,34998],"class_list":{"0":"post-206323","1":"post","2":"type-post","3":"status-publish","4":"format-standard","5":"has-post-thumbnail","7":"category-celebridades","8":"tag-celebridades","9":"tag-celebrities","10":"tag-entertainment","11":"tag-entretenimento","12":"tag-nattan","13":"tag-portugal","14":"tag-pt","15":"tag-rafa-kalimann","16":"tag-zuza"},"share_on_mastodon":{"url":"https:\/\/pubeurope.com\/@pt\/115803110982702835","error":""},"_links":{"self":[{"href":"https:\/\/www.europesays.com\/pt\/wp-json\/wp\/v2\/posts\/206323","targetHints":{"allow":["GET"]}}],"collection":[{"href":"https:\/\/www.europesays.com\/pt\/wp-json\/wp\/v2\/posts"}],"about":[{"href":"https:\/\/www.europesays.com\/pt\/wp-json\/wp\/v2\/types\/post"}],"author":[{"embeddable":true,"href":"https:\/\/www.europesays.com\/pt\/wp-json\/wp\/v2\/users\/2"}],"replies":[{"embeddable":true,"href":"https:\/\/www.europesays.com\/pt\/wp-json\/wp\/v2\/comments?post=206323"}],"version-history":[{"count":0,"href":"https:\/\/www.europesays.com\/pt\/wp-json\/wp\/v2\/posts\/206323\/revisions"}],"wp:featuredmedia":[{"embeddable":true,"href":"https:\/\/www.europesays.com\/pt\/wp-json\/wp\/v2\/media\/206324"}],"wp:attachment":[{"href":"https:\/\/www.europesays.com\/pt\/wp-json\/wp\/v2\/media?parent=206323"}],"wp:term":[{"taxonomy":"category","embeddable":true,"href":"https:\/\/www.europesays.com\/pt\/wp-json\/wp\/v2\/categories?post=206323"},{"taxonomy":"post_tag","embeddable":true,"href":"https:\/\/www.europesays.com\/pt\/wp-json\/wp\/v2\/tags?post=206323"}],"curies":[{"name":"wp","href":"https:\/\/api.w.org\/{rel}","templated":true}]}}