{"id":206343,"date":"2025-12-29T13:44:12","date_gmt":"2025-12-29T13:44:12","guid":{"rendered":"https:\/\/www.europesays.com\/pt\/206343\/"},"modified":"2025-12-29T13:44:12","modified_gmt":"2025-12-29T13:44:12","slug":"gnr-resgata-duas-mulheres-na-serra-da-estrela","status":"publish","type":"post","link":"https:\/\/www.europesays.com\/pt\/206343\/","title":{"rendered":"GNR resgata duas mulheres na Serra da Estrela"},"content":{"rendered":"<p data-remotead-prev-elm=\"true\" data-remotead-elm-id=\"inread\">As turistas alertaram as autoridades por telefone, cerca das 16.30 horas, tendo conseguido partilhar a localiza\u00e7\u00e3o, o que facilitou a opera\u00e7\u00e3o de resgate da equipa de montanha da GNR.<\/p>\n<p><img decoding=\"async\" class=\"ngx-body\" guid=\"da0b23a7-d0fe-48e5-a32d-a990eabf6cea\" src=\"https:\/\/www.europesays.com\/pt\/wp-content\/uploads\/2025\/12\/1767015852_533_image.webp.webp\" width=\"100%\"\/><\/p>\n<p>Quatro militares tiveram de percorrer a p\u00e9 os caminhos de neve durante cerca de uma hora at\u00e9 chegarem \u00e0s duas turistas de nacionalidade portuguesa. O regresso j\u00e1 foi feito durante a noite.<\/p>\n<p>As duas jovens, sabe o JN, desorientaram-se na serra e n\u00e3o precisam de cuidados m\u00e9dicos.<\/p>\n","protected":false},"excerpt":{"rendered":"As turistas alertaram as autoridades por telefone, cerca das 16.30 horas, tendo conseguido partilhar a localiza\u00e7\u00e3o, o que&hellip;\n","protected":false},"author":2,"featured_media":206344,"comment_status":"","ping_status":"","sticky":false,"template":"","format":"standard","meta":{"footnotes":""},"categories":[10],"tags":[27,28,40696,15,16,14,25,26,21,22,12,13,19,20,32,23,24,33,12624,9906,17,18,29,30,31],"class_list":{"0":"post-206343","1":"post","2":"type-post","3":"status-publish","4":"format-standard","5":"has-post-thumbnail","7":"category-portugal","8":"tag-breaking-news","9":"tag-breakingnews","10":"tag-concelho-seia","11":"tag-featured-news","12":"tag-featurednews","13":"tag-headlines","14":"tag-latest-news","15":"tag-latestnews","16":"tag-main-news","17":"tag-mainnews","18":"tag-news","19":"tag-noticias","20":"tag-noticias-principais","21":"tag-noticiasprincipais","22":"tag-portugal","23":"tag-principais-noticias","24":"tag-principaisnoticias","25":"tag-pt","26":"tag-resgate","27":"tag-serra-da-estrela","28":"tag-top-stories","29":"tag-topstories","30":"tag-ultimas","31":"tag-ultimas-noticias","32":"tag-ultimasnoticias"},"share_on_mastodon":{"url":"https:\/\/pubeurope.com\/@pt\/115803158244757401","error":""},"_links":{"self":[{"href":"https:\/\/www.europesays.com\/pt\/wp-json\/wp\/v2\/posts\/206343","targetHints":{"allow":["GET"]}}],"collection":[{"href":"https:\/\/www.europesays.com\/pt\/wp-json\/wp\/v2\/posts"}],"about":[{"href":"https:\/\/www.europesays.com\/pt\/wp-json\/wp\/v2\/types\/post"}],"author":[{"embeddable":true,"href":"https:\/\/www.europesays.com\/pt\/wp-json\/wp\/v2\/users\/2"}],"replies":[{"embeddable":true,"href":"https:\/\/www.europesays.com\/pt\/wp-json\/wp\/v2\/comments?post=206343"}],"version-history":[{"count":0,"href":"https:\/\/www.europesays.com\/pt\/wp-json\/wp\/v2\/posts\/206343\/revisions"}],"wp:featuredmedia":[{"embeddable":true,"href":"https:\/\/www.europesays.com\/pt\/wp-json\/wp\/v2\/media\/206344"}],"wp:attachment":[{"href":"https:\/\/www.europesays.com\/pt\/wp-json\/wp\/v2\/media?parent=206343"}],"wp:term":[{"taxonomy":"category","embeddable":true,"href":"https:\/\/www.europesays.com\/pt\/wp-json\/wp\/v2\/categories?post=206343"},{"taxonomy":"post_tag","embeddable":true,"href":"https:\/\/www.europesays.com\/pt\/wp-json\/wp\/v2\/tags?post=206343"}],"curies":[{"name":"wp","href":"https:\/\/api.w.org\/{rel}","templated":true}]}}