{"id":206412,"date":"2025-12-29T14:27:11","date_gmt":"2025-12-29T14:27:11","guid":{"rendered":"https:\/\/www.europesays.com\/pt\/206412\/"},"modified":"2025-12-29T14:27:11","modified_gmt":"2025-12-29T14:27:11","slug":"homem-de-41-anos-morre-num-despiste-de-mota-em-felgueiras","status":"publish","type":"post","link":"https:\/\/www.europesays.com\/pt\/206412\/","title":{"rendered":"Homem de 41 anos morre num despiste de mota em Felgueiras"},"content":{"rendered":"<p data-remotead-prev-elm=\"true\" data-remotead-elm-id=\"inread\">De acordo com o Comando Sub-regional de Emerg\u00eancia e Prote\u00e7\u00e3o Civil do T\u00e2mega e Sousa, o alerta para um despiste num cruzamento na Estrada Nacional 15 (EN 15), em Sant\u00e3o, foi dado \u00e0s 12.22 horas, tratando-se de um despiste de um motociclo.<\/p>\n<p>Segundo fonte dos Bombeiros Volunt\u00e1rios da Lixa (concelho de Felgueiras), a v\u00edtima mortal do despiste foi um homem de 41 anos.<\/p>\n<p>No local estiveram os bombeiros da Lixa, a ambul\u00e2ncia de Suporte Imediato de Vida (SIV) de Amarante (distrito do Porto), a Viatura M\u00e9dica de Emerg\u00eancia e Reanima\u00e7\u00e3o (VMER) do Hospital Padre Am\u00e9rico (Penafiel, distrito do Porto) e a GNR.<\/p>\n","protected":false},"excerpt":{"rendered":"De acordo com o Comando Sub-regional de Emerg\u00eancia e Prote\u00e7\u00e3o Civil do T\u00e2mega e Sousa, o alerta para&hellip;\n","protected":false},"author":2,"featured_media":206413,"comment_status":"","ping_status":"","sticky":false,"template":"","format":"standard","meta":{"footnotes":""},"categories":[10],"tags":[59,27,28,22481,15,16,14,25,26,21,22,12,13,19,20,32,23,24,33,17,18,29,30,31],"class_list":{"0":"post-206412","1":"post","2":"type-post","3":"status-publish","4":"format-standard","5":"has-post-thumbnail","7":"category-portugal","8":"tag-acidente","9":"tag-breaking-news","10":"tag-breakingnews","11":"tag-concelho-felgueiras","12":"tag-featured-news","13":"tag-featurednews","14":"tag-headlines","15":"tag-latest-news","16":"tag-latestnews","17":"tag-main-news","18":"tag-mainnews","19":"tag-news","20":"tag-noticias","21":"tag-noticias-principais","22":"tag-noticiasprincipais","23":"tag-portugal","24":"tag-principais-noticias","25":"tag-principaisnoticias","26":"tag-pt","27":"tag-top-stories","28":"tag-topstories","29":"tag-ultimas","30":"tag-ultimas-noticias","31":"tag-ultimasnoticias"},"share_on_mastodon":{"url":"https:\/\/pubeurope.com\/@pt\/115803327494748921","error":""},"_links":{"self":[{"href":"https:\/\/www.europesays.com\/pt\/wp-json\/wp\/v2\/posts\/206412","targetHints":{"allow":["GET"]}}],"collection":[{"href":"https:\/\/www.europesays.com\/pt\/wp-json\/wp\/v2\/posts"}],"about":[{"href":"https:\/\/www.europesays.com\/pt\/wp-json\/wp\/v2\/types\/post"}],"author":[{"embeddable":true,"href":"https:\/\/www.europesays.com\/pt\/wp-json\/wp\/v2\/users\/2"}],"replies":[{"embeddable":true,"href":"https:\/\/www.europesays.com\/pt\/wp-json\/wp\/v2\/comments?post=206412"}],"version-history":[{"count":0,"href":"https:\/\/www.europesays.com\/pt\/wp-json\/wp\/v2\/posts\/206412\/revisions"}],"wp:featuredmedia":[{"embeddable":true,"href":"https:\/\/www.europesays.com\/pt\/wp-json\/wp\/v2\/media\/206413"}],"wp:attachment":[{"href":"https:\/\/www.europesays.com\/pt\/wp-json\/wp\/v2\/media?parent=206412"}],"wp:term":[{"taxonomy":"category","embeddable":true,"href":"https:\/\/www.europesays.com\/pt\/wp-json\/wp\/v2\/categories?post=206412"},{"taxonomy":"post_tag","embeddable":true,"href":"https:\/\/www.europesays.com\/pt\/wp-json\/wp\/v2\/tags?post=206412"}],"curies":[{"name":"wp","href":"https:\/\/api.w.org\/{rel}","templated":true}]}}