{"id":206424,"date":"2025-12-29T14:38:09","date_gmt":"2025-12-29T14:38:09","guid":{"rendered":"https:\/\/www.europesays.com\/pt\/206424\/"},"modified":"2025-12-29T14:38:09","modified_gmt":"2025-12-29T14:38:09","slug":"mais-pontos-golos-e-triunfos-lage-bate-mourinho-nos-primeiros-12-jogos","status":"publish","type":"post","link":"https:\/\/www.europesays.com\/pt\/206424\/","title":{"rendered":"Mais pontos, golos e triunfos: Lage bate Mourinho nos primeiros 12 jogos"},"content":{"rendered":"<p>Jos\u00e9 Mourinho e Bruno Lage. O atual versus o antigo treinador do Benfica. Ambos regressam ao clube da Luz j\u00e1 com a \u00e9poca em andamento. Ora, no duelo de treinadores de Set\u00fabal, Lage leva a melhor nos primeiros jogos, pelo menos no que os n\u00fameros mostram.<\/p>\n<p>O Sp. Braga e o Benfica n\u00e3o foram al\u00e9m de um <strong><a href=\"https:\/\/maisfutebol.iol.pt\/jogo\/aominuto\/13828168\" rel=\"nofollow noopener\" target=\"_blank\">empate no jogo grande da 16.\u00aa jornada da Liga<\/a><\/strong>. Jos\u00e9 Mourinho, <strong><a href=\"https:\/\/maisfutebol.iol.pt\/benfica\/jose-mourinho\/mourinho-bom-jogo-bom-adversario-e-bom-arbitro-ganhamos-3-2\" rel=\"nofollow noopener\" target=\"_blank\">que se recusou a aceitar o resultado<\/a><\/strong>, completou ent\u00e3o 12 jogos na Liga neste regresso ao Benfica.\u00a0<\/p>\n<p>Ora, analisando a primeira d\u00fazia de encontros na Liga de ambos os treinadores, \u00e0 boleia do <a href=\"https:\/\/www.sofascore.com\/manager\/bruno-lage\/790337?utm_source=maisfutebol.iol.pt&amp;utm_medium=FootballH2H\" rel=\"nofollow noopener\" target=\"_blank\"><strong>nosso parceiro Sofascore<\/strong><\/a>, Mourinho perde&#8230; em praticamente tudo.\u00a0<\/p>\n<p>No que toca a resultados, a diferen\u00e7a \u00e9 not\u00f3ria. Mourinho, apesar de n\u00e3o contar com derrotas, soma cinco empates e sete vit\u00f3rias em 12 jogos. Ou seja, dos 36 pontos poss\u00edveis, <strong>perdeu dez.\u00a0<\/strong><\/p>\n<p><strong>Primeiros 12 jogos de Mourinho<\/strong>: vit\u00f3ria com AVS (3-0); empate com Rio Ave (1-1); vit\u00f3ria Gil Vicente (2-1); empate com FC Porto (0-0); vit\u00f3ria com Arouca (5-0); vit\u00f3ria com V. Guimar\u00e3es (3-0); empate com Casa Pia (2-2); vit\u00f3ria com Nacional (2-1); empate com Sporting (1-1); vit\u00f3ria com Moreirense (4-0); vit\u00f3ria com Famalic\u00e3o (1-0) e empate com Sp. Braga (2-2).<\/p>\n<p>J\u00e1 Lage, que regressou ao Benfica em setembro de 2024, teve um in\u00edcio mais convincente, pelos menos no que aos resultados diz respeito: dez vit\u00f3rias, um empate e uma derrota. Perdeu, portanto, <strong>cinco pontos dos poss\u00edveis 36<\/strong>. Metade dos pontos perdidos por Mourinho.<\/p>\n<p><strong>Primeiros 12 jogos de Lage<\/strong>: vit\u00f3ria com Santa Clara (4-1); vit\u00f3ria com Boavista (3-0); vit\u00f3ria com Gil Vicente (5-1); vit\u00f3ria com Rio Ave (5-0); vit\u00f3ria com Farense (2-1); vit\u00f3ria FC Porto (4-1); vit\u00f3ria Arouca (2-0); vit\u00f3ria V. Guimar\u00e3es (1-0); vit\u00f3ria com Nacional (2-0); empate com AVS (1-1), vit\u00f3ria com Estoril (3-0) e derrota com Sporting (1-0).<\/p>\n<p>Entrando mais a fundo nos n\u00fameros, a diferen\u00e7a salta aos olhos. Mourinho vence na categoria de oferecer menos oportunidades aos advers\u00e1rios. Ambos est\u00e3o empatados nos jogos sem sofrer golos: seis cada.<\/p>\n<p><strong>Em tudo o resto, Bruno Lage leva a melhor. <\/strong>Tanto ofensivamente como defensivamente, os n\u00fameros s\u00e3o desfavor\u00e1veis a Mourinho. Lage marcava mais e sofria menos. Criava mais grandes oportunidades e, consequentemente, rematava mais. Tamb\u00e9m na posse, o Benfica de Lage tinha uma ligeira vantagem sobre a forma\u00e7\u00e3o encarnada agora liderada por Mourinho.<\/p>\n<p><img loading=\"lazy\" decoding=\"async\" alt=\"\" height=\"1250\" src=\"https:\/\/www.europesays.com\/pt\/wp-content\/uploads\/2025\/12\/69525a4ed34e3caad84cdedf.webp\" width=\"1000\"\/><\/p>\n<p>Em termos de tabela classificativa, o Benfica ocupa neste momento o terceiro posto com 36 pontos, a cinco do Sporting (segundo). As \u00e1guias podem, inclusive, ficar a dez do l\u00edder <strong><a href=\"https:\/\/maisfutebol.iol.pt\/jogo\/aominuto\/fc-porto\/avs\/13828173\" rel=\"nofollow noopener\" target=\"_blank\">FC Porto, caso os drag\u00f5es ven\u00e7am esta noite [20h15] o AVS.<\/a><\/strong>\u00a0<\/p>\n<p>J\u00e1 na altura de Lage, precisamente na 16.\u00aa jornada da \u00e9poca 2024\/25, o Benfica ocupava tamb\u00e9m a terceira posi\u00e7\u00e3o, desta feita com 38 pontos. Estavam a dois pontos de Sporting (primeiro) e FC Porto (segundo), ambos com 40 pontos.\u00a0<\/p>\n","protected":false},"excerpt":{"rendered":"Jos\u00e9 Mourinho e Bruno Lage. O atual versus o antigo treinador do Benfica. Ambos regressam ao clube da&hellip;\n","protected":false},"author":2,"featured_media":206425,"comment_status":"","ping_status":"","sticky":false,"template":"","format":"standard","meta":{"footnotes":""},"categories":[87],"tags":[836,51,2923,18464,135,1385,36,46,7798,32,33,47,3513,134,9703],"class_list":{"0":"post-206424","1":"post","2":"type-post","3":"status-publish","4":"format-standard","5":"has-post-thumbnail","7":"category-desporto","8":"tag-analise","9":"tag-benfica","10":"tag-bruno-lage","11":"tag-comparacao","12":"tag-desporto","13":"tag-jose-mourinho","14":"tag-liga","15":"tag-maisfutebol","16":"tag-numeros","17":"tag-portugal","18":"tag-pt","19":"tag-pura-paixao","20":"tag-sofascore","21":"tag-sports","22":"tag-treinadores"},"share_on_mastodon":{"url":"https:\/\/pubeurope.com\/@pt\/115803370549294229","error":""},"_links":{"self":[{"href":"https:\/\/www.europesays.com\/pt\/wp-json\/wp\/v2\/posts\/206424","targetHints":{"allow":["GET"]}}],"collection":[{"href":"https:\/\/www.europesays.com\/pt\/wp-json\/wp\/v2\/posts"}],"about":[{"href":"https:\/\/www.europesays.com\/pt\/wp-json\/wp\/v2\/types\/post"}],"author":[{"embeddable":true,"href":"https:\/\/www.europesays.com\/pt\/wp-json\/wp\/v2\/users\/2"}],"replies":[{"embeddable":true,"href":"https:\/\/www.europesays.com\/pt\/wp-json\/wp\/v2\/comments?post=206424"}],"version-history":[{"count":0,"href":"https:\/\/www.europesays.com\/pt\/wp-json\/wp\/v2\/posts\/206424\/revisions"}],"wp:featuredmedia":[{"embeddable":true,"href":"https:\/\/www.europesays.com\/pt\/wp-json\/wp\/v2\/media\/206425"}],"wp:attachment":[{"href":"https:\/\/www.europesays.com\/pt\/wp-json\/wp\/v2\/media?parent=206424"}],"wp:term":[{"taxonomy":"category","embeddable":true,"href":"https:\/\/www.europesays.com\/pt\/wp-json\/wp\/v2\/categories?post=206424"},{"taxonomy":"post_tag","embeddable":true,"href":"https:\/\/www.europesays.com\/pt\/wp-json\/wp\/v2\/tags?post=206424"}],"curies":[{"name":"wp","href":"https:\/\/api.w.org\/{rel}","templated":true}]}}