{"id":206438,"date":"2025-12-29T14:46:19","date_gmt":"2025-12-29T14:46:19","guid":{"rendered":"https:\/\/www.europesays.com\/pt\/206438\/"},"modified":"2025-12-29T14:46:19","modified_gmt":"2025-12-29T14:46:19","slug":"bruna-marquezine-e-shawn-mendes-chegam-juntos-a-maceio","status":"publish","type":"post","link":"https:\/\/www.europesays.com\/pt\/206438\/","title":{"rendered":"Bruna Marquezine e Shawn Mendes chegam juntos a Macei\u00f3"},"content":{"rendered":"<p>Bruna Marquezine e Shawn Mendes viajaram juntos para Macei\u00f3 (AL). Eles foram flagrados, na tarde deste domingo (28), durante o desembarque no aeroporto Zumbi dos Palmares.<\/p>\n<p>O cantor aparece parando para atender jovens que o aguardavam no local. Os v\u00eddeos foram compartilhados por f\u00e3s nas redes sociais. O artista pega o celular, troca r\u00e1pidas palavras e posa para fotos antes de seguir seu caminho.<\/p>\n<p>Bruna, por sua vez, continuou \u00e0 frente do artista com a mala. Ela estava usando bon\u00e9 e \u00f3culos escuros.<\/p>\n<p>Nas redes sociais, os f\u00e3s da dupla vibram com a rela\u00e7\u00e3o dos artistas. &#8220;Estou passada&#8221;, brincou um seguidor. &#8220;Casal do ano&#8221;, elogiou outra. &#8220;Amando que n\u00e3o se desgrudam mais&#8221;, celebrou um terceiro.\u00a0<\/p>\n<p>Mais cedo, Shawn Mendes tamb\u00e9m foi visto no aeroporto de Guarulhos, em S\u00e3o Paulo. Ele atendeu f\u00e3s e posou para cliques.<\/p>\n<p>Veja o v\u00eddeo:<\/p>\n<blockquote class=\"twitter-tweet\" data-media-max-width=\"560\"><p>&#13;<\/p>\n<p dir=\"ltr\" lang=\"pt\">shawn mendes e a bruna marquezine acabaram de desembarcar no aeroporto zumbi dos palmares em macei\u00f3 sos <a href=\"https:\/\/t.co\/spL0LjYQ1C\" rel=\"nofollow\">pic.twitter.com\/spL0LjYQ1C<\/a><\/p>\n<p>&#13;<br \/>\n\u2014 nat (@aerocyno) <a href=\"https:\/\/twitter.com\/aerocyno\/status\/2005376624385294428?ref_src=twsrc%5Etfw\" rel=\"nofollow noopener\" target=\"_blank\">December 28, 2025<\/a><\/p><\/blockquote>\n<p>            <script async src=\"https:\/\/platform.twitter.com\/widgets.js\" charset=\"utf-8\"><\/script><\/p>\n","protected":false},"excerpt":{"rendered":"Bruna Marquezine e Shawn Mendes viajaram juntos para Macei\u00f3 (AL). Eles foram flagrados, na tarde deste domingo (28),&hellip;\n","protected":false},"author":2,"featured_media":206439,"comment_status":"","ping_status":"","sticky":false,"template":"","format":"standard","meta":{"footnotes":""},"categories":[145],"tags":[3863,211,210,114,115,32,33,28283],"class_list":{"0":"post-206438","1":"post","2":"type-post","3":"status-publish","4":"format-standard","5":"has-post-thumbnail","7":"category-celebridades","8":"tag-bruna-marquezine","9":"tag-celebridades","10":"tag-celebrities","11":"tag-entertainment","12":"tag-entretenimento","13":"tag-portugal","14":"tag-pt","15":"tag-shawn-mendes"},"share_on_mastodon":{"url":"https:\/\/pubeurope.com\/@pt\/115803401950786913","error":""},"_links":{"self":[{"href":"https:\/\/www.europesays.com\/pt\/wp-json\/wp\/v2\/posts\/206438","targetHints":{"allow":["GET"]}}],"collection":[{"href":"https:\/\/www.europesays.com\/pt\/wp-json\/wp\/v2\/posts"}],"about":[{"href":"https:\/\/www.europesays.com\/pt\/wp-json\/wp\/v2\/types\/post"}],"author":[{"embeddable":true,"href":"https:\/\/www.europesays.com\/pt\/wp-json\/wp\/v2\/users\/2"}],"replies":[{"embeddable":true,"href":"https:\/\/www.europesays.com\/pt\/wp-json\/wp\/v2\/comments?post=206438"}],"version-history":[{"count":0,"href":"https:\/\/www.europesays.com\/pt\/wp-json\/wp\/v2\/posts\/206438\/revisions"}],"wp:featuredmedia":[{"embeddable":true,"href":"https:\/\/www.europesays.com\/pt\/wp-json\/wp\/v2\/media\/206439"}],"wp:attachment":[{"href":"https:\/\/www.europesays.com\/pt\/wp-json\/wp\/v2\/media?parent=206438"}],"wp:term":[{"taxonomy":"category","embeddable":true,"href":"https:\/\/www.europesays.com\/pt\/wp-json\/wp\/v2\/categories?post=206438"},{"taxonomy":"post_tag","embeddable":true,"href":"https:\/\/www.europesays.com\/pt\/wp-json\/wp\/v2\/tags?post=206438"}],"curies":[{"name":"wp","href":"https:\/\/api.w.org\/{rel}","templated":true}]}}