{"id":206442,"date":"2025-12-29T14:52:07","date_gmt":"2025-12-29T14:52:07","guid":{"rendered":"https:\/\/www.europesays.com\/pt\/206442\/"},"modified":"2025-12-29T14:52:07","modified_gmt":"2025-12-29T14:52:07","slug":"marvel-studios-retomou-desenvolvimento-de-strange-academy-diz-rumor","status":"publish","type":"post","link":"https:\/\/www.europesays.com\/pt\/206442\/","title":{"rendered":"Marvel Studios retomou desenvolvimento de Strange Academy, diz rumor"},"content":{"rendered":"<p class=\"wp-block-yoast-seo-estimated-reading-time yoast-reading-time__wrapper\">Estimated reading time: 2 minutos<\/p>\n<p>Meses depois da <a href=\"https:\/\/ovicio.com.br\/tag\/marvel-studios\" target=\"_blank\" rel=\"noreferrer noopener nofollow\">Marvel Studios<\/a> confirmar que engavetou o desenvolvimento de <a href=\"https:\/\/ovicio.com.br\/tag\/strange-academy\" target=\"_blank\" rel=\"noreferrer noopener nofollow\">Strange Academy<\/a>, est\u00fadio pode ter retomado trabalhos da s\u00e9rie para o streaming.<\/p>\n<p>A atualiza\u00e7\u00e3o vem de um novo relat\u00f3rio do insider <strong>Daniel RPK<\/strong> em seu Patreon, informando que o projeto estaria atualmente em busca de um roteirista para assumi-lo.<\/p>\n<p>Fundada pelo <a href=\"https:\/\/ovicio.com.br\/tag\/doutor-estranho\" rel=\"nofollow noopener\" target=\"_blank\">Doutor Estranho<\/a>, nos quadrinhos, a<strong> Strange Academy <\/strong>se trata de uma escola de magia para jovens her\u00f3is e vil\u00f5es. com o objetivo de mentorar jovens com aptid\u00e3o pela magia.<\/p>\n<p>No MCU, a cena p\u00f3s-cr\u00e9ditos final de <a href=\"https:\/\/ovicio.com.br\/serie\/coracao-de-ferro\" target=\"_blank\" rel=\"noreferrer noopener nofollow\">Cora\u00e7\u00e3o de Ferro<\/a> sugeriu que o Capuz (Anthony Ramos) e<strong> Zelma Stanton<\/strong> (Regan Aliyah) seriam membros da iniciativa, ap\u00f3s o vil\u00e3o revelar que necessitava de &#8220;ajuda n\u00edvel Supremo&#8221;.<\/p>\n<p>O breve di\u00e1logo sugeriu que a dupla recorreria \u00e0 ajuda do atual Mago Supremo da <strong>Marvel Studios<\/strong>, <strong>Wong<\/strong> (<a href=\"https:\/\/ovicio.com.br\/tag\/benedict-wong\" target=\"_blank\" rel=\"noreferrer noopener nofollow\">Benedict Wong<\/a>), transformando o personagem no diretor da academia.<\/p>\n<p>Detalhes oficiais da s\u00e9rie, entretanto, permanecem em segredo, e n\u00e3o h\u00e1 sequer uma previs\u00e3o de lan\u00e7amento para o show no <a href=\"https:\/\/ovicio.com.br\/tag\/disneyplus\" target=\"_blank\" rel=\"noreferrer noopener nofollow\">Disney+<\/a>.<\/p>\n<p>Leia mais sobre Strange Academy:<\/p>\n<p><strong>Fonte:<\/strong> <a href=\"https:\/\/x.com\/cosmic_marvel\/status\/2005052959345049738\" target=\"_blank\" rel=\"noreferrer noopener nofollow\">Cosmic Marvel<\/a>.<\/p>\n","protected":false},"excerpt":{"rendered":"Estimated reading time: 2 minutos Meses depois da Marvel Studios confirmar que engavetou o desenvolvimento de Strange Academy,&hellip;\n","protected":false},"author":2,"featured_media":206443,"comment_status":"","ping_status":"","sticky":false,"template":"","format":"standard","meta":{"footnotes":""},"categories":[140],"tags":[17101,21362,40703,1579,30847,114,115,147,148,12733,146,32,33,40704],"class_list":{"0":"post-206442","1":"post","2":"type-post","3":"status-publish","4":"format-standard","5":"has-post-thumbnail","7":"category-filmes","8":"tag-anthony-ramos","9":"tag-benedict-wong","10":"tag-coracao-de-ferro","11":"tag-disney","12":"tag-doutor-estranho","13":"tag-entertainment","14":"tag-entretenimento","15":"tag-film","16":"tag-filmes","17":"tag-marvel-studios","18":"tag-movies","19":"tag-portugal","20":"tag-pt","21":"tag-strange-academy"},"share_on_mastodon":{"url":"https:\/\/pubeurope.com\/@pt\/115803425643694355","error":""},"_links":{"self":[{"href":"https:\/\/www.europesays.com\/pt\/wp-json\/wp\/v2\/posts\/206442","targetHints":{"allow":["GET"]}}],"collection":[{"href":"https:\/\/www.europesays.com\/pt\/wp-json\/wp\/v2\/posts"}],"about":[{"href":"https:\/\/www.europesays.com\/pt\/wp-json\/wp\/v2\/types\/post"}],"author":[{"embeddable":true,"href":"https:\/\/www.europesays.com\/pt\/wp-json\/wp\/v2\/users\/2"}],"replies":[{"embeddable":true,"href":"https:\/\/www.europesays.com\/pt\/wp-json\/wp\/v2\/comments?post=206442"}],"version-history":[{"count":0,"href":"https:\/\/www.europesays.com\/pt\/wp-json\/wp\/v2\/posts\/206442\/revisions"}],"wp:featuredmedia":[{"embeddable":true,"href":"https:\/\/www.europesays.com\/pt\/wp-json\/wp\/v2\/media\/206443"}],"wp:attachment":[{"href":"https:\/\/www.europesays.com\/pt\/wp-json\/wp\/v2\/media?parent=206442"}],"wp:term":[{"taxonomy":"category","embeddable":true,"href":"https:\/\/www.europesays.com\/pt\/wp-json\/wp\/v2\/categories?post=206442"},{"taxonomy":"post_tag","embeddable":true,"href":"https:\/\/www.europesays.com\/pt\/wp-json\/wp\/v2\/tags?post=206442"}],"curies":[{"name":"wp","href":"https:\/\/api.w.org\/{rel}","templated":true}]}}