{"id":206464,"date":"2025-12-29T15:08:11","date_gmt":"2025-12-29T15:08:11","guid":{"rendered":"https:\/\/www.europesays.com\/pt\/206464\/"},"modified":"2025-12-29T15:08:11","modified_gmt":"2025-12-29T15:08:11","slug":"7-alimentos-leves-e-refrescantes-para-o-cardapio","status":"publish","type":"post","link":"https:\/\/www.europesays.com\/pt\/206464\/","title":{"rendered":"7 alimentos leves e refrescantes para o card\u00e1pio"},"content":{"rendered":"<p class=\"texto\">Com o Brasil enfrentando uma intensa onda de calor em diversas regi\u00f5es neste final de 2025, a alimenta\u00e7\u00e3o se torna uma ferramenta essencial para manter o corpo hidratado e saud\u00e1vel. Escolher os pratos certos n\u00e3o apenas nutre, mas tamb\u00e9m ajuda a aliviar o desconforto t\u00e9rmico, repondo l\u00edquidos e sais minerais perdidos com o suor.<\/p>\n<p class=\"texto\">Al\u00e9m de aumentar a ingest\u00e3o de \u00e1gua, incluir ingredientes estrat\u00e9gicos no card\u00e1pio pode fazer toda a diferen\u00e7a no <a target=\"_blank\" rel=\"noopener noreferrer nofollow\" href=\"https:\/\/em.com.br\/saude\/2025\/01\/7030028-dias-de-calor-como-ter-uma-alimentacao-saudavel.html\">bem-estar di\u00e1rio<\/a>. Alimentos com alta concentra\u00e7\u00e3o de \u00e1gua, vitaminas e de f\u00e1cil digest\u00e3o s\u00e3o os mais indicados, pois evitam que o organismo gaste energia excessiva no processo digestivo, o que poderia elevar a temperatura corporal.<\/p>\n<p>Leia Mais<\/p>\n<p class=\"texto\">Confira sete op\u00e7\u00f5es leves e refrescantes para incluir nas suas refei\u00e7\u00f5es durante os dias mais quentes:<\/p>\n<ul>\n<li>\n<p class=\"texto\"><a target=\"_blank\" rel=\"noopener noreferrer nofollow\" href=\"https:\/\/em.com.br\/saude\/2025\/10\/7272236-cha-da-casca-de-melancia-ajuda-a-desintoxicar-e-reforcar-sistema-imune.html\"><strong>Melancia<\/strong><\/a><strong>:<\/strong> composta por mais de 90% de \u00e1gua, \u00e9 uma das frutas mais eficazes para a hidrata\u00e7\u00e3o. \u00c9 rica em vitaminas A e C, al\u00e9m de licopeno, um antioxidante que ajuda a proteger a pele dos danos solares.<\/p>\n<\/li>\n<li>\n<p class=\"texto\"><strong>Pepino:<\/strong> assim como a melancia, o pepino tem alt\u00edssimo teor de \u00e1gua. Vers\u00e1til, pode ser consumido em saladas, sucos ou mesmo em rodelas na \u00e1gua aromatizada, oferecendo uma sensa\u00e7\u00e3o imediata de frescor.<\/p>\n<\/li>\n<li>\n<p class=\"texto\"><strong>Folhas verdes:<\/strong> alface, r\u00facula e agri\u00e3o s\u00e3o bases perfeitas para saladas leves. Elas hidratam, s\u00e3o ricas em fibras e de digest\u00e3o r\u00e1pida, evitando a sensa\u00e7\u00e3o de peso e sonol\u00eancia ap\u00f3s as refei\u00e7\u00f5es.<\/p>\n<\/li>\n<li>\n<p class=\"texto\"><strong>Frutas c\u00edtricas:<\/strong> laranja, lim\u00e3o, abacaxi e tangerina s\u00e3o excelentes fontes de vitamina C e pot\u00e1ssio. Seu sabor \u00e1cido estimula a saliva\u00e7\u00e3o e ajuda a matar a sede, sendo \u00f3timas para <a target=\"_blank\" rel=\"noopener noreferrer nofollow\" href=\"https:\/\/em.com.br\/saude\/2025\/10\/7260336-hidratacao-em-foco-5-sucos-e-frutas-que-ajudam-no-tempo-seco.html\">sucos naturais<\/a> ou consumidas in natura.<\/p>\n<\/li>\n<li>\n<p class=\"texto\"><strong>Iogurte natural:<\/strong> servido gelado, \u00e9 uma \u00f3tima fonte de prote\u00edna e probi\u00f3ticos, que auxiliam na sa\u00fade intestinal. Pode ser combinado com frutas frescas, tornando-se um lanche nutritivo e que ajuda a regular a temperatura do corpo.<\/p>\n<\/li>\n<li>\n<p class=\"texto\"><strong>\u00c1gua de coco:<\/strong> \u00e9 um isot\u00f4nico natural, ideal para <a target=\"_blank\" rel=\"noopener noreferrer nofollow\" href=\"https:\/\/em.com.br\/saude\/2025\/02\/7070386-dicas-para-manter-o-corpo-hidratado-no-calor.html\">repor os eletr\u00f3litos perdidos atrav\u00e9s do suor<\/a>, como s\u00f3dio e pot\u00e1ssio. \u00c9 uma bebida de baixa caloria que hidrata de forma r\u00e1pida e eficiente.<\/p>\n<\/li>\n<li>\n<p class=\"texto\"><strong>Hortel\u00e3:<\/strong> a folha cont\u00e9m mentol, um composto que ativa os receptores de frio na pele e na boca, proporcionando uma agrad\u00e1vel sensa\u00e7\u00e3o de frescor. Pode ser adicionada a sucos, ch\u00e1s gelados e saladas.<\/p>\n<\/li>\n<\/ul>\n<p>Fique atento aos sinais de desidrata\u00e7\u00e3o<\/p>\n<p class=\"texto\">\u00c9 fundamental reconhecer os primeiros sintomas de desidrata\u00e7\u00e3o, como sede intensa, boca seca, diminui\u00e7\u00e3o da urina, cansa\u00e7o e dor de cabe\u00e7a. Em casos mais graves, podem ocorrer tonturas e confus\u00e3o mental. Se os sintomas persistirem, procure ajuda m\u00e9dica.<\/p>\n<p>O que evitar no calor<\/p>\n<p class=\"texto\">Alimentos pesados e gordurosos, como frituras, carnes gordas e pratos muito condimentados, exigem mais do sistema digestivo e podem aumentar a sensa\u00e7\u00e3o de calor. Bebidas a\u00e7ucaradas e alco\u00f3licas tamb\u00e9m devem ser consumidas com modera\u00e7\u00e3o, pois contribuem para a desidrata\u00e7\u00e3o do corpo.<\/p>\n<p class=\"texto\"><a href=\"https:\/\/whatsapp.com\/channel\/0029Va8e466AO7RPLL06EL2h\" target=\"_blank\" rel=\"nofollow noopener\"><strong>Siga nosso canal no WhatsApp e receba not\u00edcias relevantes para o seu dia<\/strong><\/a><\/p>\n<p class=\"texto\">Uma ferramenta de IA foi usada para auxiliar na produ\u00e7\u00e3o desta reportagem, sob supervis\u00e3o editorial humana.<\/p>\n","protected":false},"excerpt":{"rendered":"Com o Brasil enfrentando uma intensa onda de calor em diversas regi\u00f5es neste final de 2025, a alimenta\u00e7\u00e3o&hellip;\n","protected":false},"author":2,"featured_media":206465,"comment_status":"","ping_status":"","sticky":false,"template":"","format":"standard","meta":{"footnotes":""},"categories":[86],"tags":[2369,2834,116,21171,32,33,117],"class_list":{"0":"post-206464","1":"post","2":"type-post","3":"status-publish","4":"format-standard","5":"has-post-thumbnail","7":"category-saude","8":"tag-alimentacao","9":"tag-calor","10":"tag-health","11":"tag-hidratacao","12":"tag-portugal","13":"tag-pt","14":"tag-saude"},"share_on_mastodon":{"url":"https:\/\/pubeurope.com\/@pt\/115803488537013990","error":""},"_links":{"self":[{"href":"https:\/\/www.europesays.com\/pt\/wp-json\/wp\/v2\/posts\/206464","targetHints":{"allow":["GET"]}}],"collection":[{"href":"https:\/\/www.europesays.com\/pt\/wp-json\/wp\/v2\/posts"}],"about":[{"href":"https:\/\/www.europesays.com\/pt\/wp-json\/wp\/v2\/types\/post"}],"author":[{"embeddable":true,"href":"https:\/\/www.europesays.com\/pt\/wp-json\/wp\/v2\/users\/2"}],"replies":[{"embeddable":true,"href":"https:\/\/www.europesays.com\/pt\/wp-json\/wp\/v2\/comments?post=206464"}],"version-history":[{"count":0,"href":"https:\/\/www.europesays.com\/pt\/wp-json\/wp\/v2\/posts\/206464\/revisions"}],"wp:featuredmedia":[{"embeddable":true,"href":"https:\/\/www.europesays.com\/pt\/wp-json\/wp\/v2\/media\/206465"}],"wp:attachment":[{"href":"https:\/\/www.europesays.com\/pt\/wp-json\/wp\/v2\/media?parent=206464"}],"wp:term":[{"taxonomy":"category","embeddable":true,"href":"https:\/\/www.europesays.com\/pt\/wp-json\/wp\/v2\/categories?post=206464"},{"taxonomy":"post_tag","embeddable":true,"href":"https:\/\/www.europesays.com\/pt\/wp-json\/wp\/v2\/tags?post=206464"}],"curies":[{"name":"wp","href":"https:\/\/api.w.org\/{rel}","templated":true}]}}