{"id":206480,"date":"2025-12-29T15:18:16","date_gmt":"2025-12-29T15:18:16","guid":{"rendered":"https:\/\/www.europesays.com\/pt\/206480\/"},"modified":"2025-12-29T15:18:16","modified_gmt":"2025-12-29T15:18:16","slug":"cristina-ferreira-da-murro-na-mesa-deixem-de-atazanar-a-producao","status":"publish","type":"post","link":"https:\/\/www.europesays.com\/pt\/206480\/","title":{"rendered":"Cristina Ferreira d\u00e1 murro na mesa: &#8220;Deixem de atazanar a produ\u00e7\u00e3o&#8221;"},"content":{"rendered":"<p>Cristina Ferreira decidiu fazer um esclarecimento sobre <a href=\"https:\/\/selfie.iol.pt\/famosos\/casa-dos-segredos\/ze-partilha-foto-marcante-com-liliana-oliveira-mas-rosto-da-ex-noiva-e-substituido\/20251227\/694f9a7ad34e2bd5c6d58bd6\" target=\"_blank\" rel=\"nofollow noopener\">Liliana Oliveira e Z\u00e9 Andrade<\/a>, o ex-noivo, no programa &#8220;Dois \u00e0s 10&#8221;, da TVI, que foi para o ar na manh\u00e3 desta segunda-feira, dia 29.<\/p>\n<p>&#8220;Deixem de atazanar a produ\u00e7\u00e3o [do &#8216;Secret Story&#8217;] com a hist\u00f3ria de que estava tudo combinado. Por amor de Deus. Um dia destes, at\u00e9 mostro de for preciso&#8221;, come\u00e7ou por dizer a apresentadora.<\/p>\n<p>&#8220;No casting, os dois falaram dessa possibilidade de se quererem casar, que era um gosto que tinham. N\u00e3o havia reality, nem F\u00e1bio, nem nada quando foram os castings. A produ\u00e7\u00e3o, dado que eles disseram isto, perguntou ao Z\u00e9 se ele gostava de o fazer. O Z\u00e9 disse que sim. O Z\u00e9 fez. No entendimento da produ\u00e7\u00e3o, o Z\u00e9 n\u00e3o foi concorrente. H\u00e1 muitos concorrentes que ficam \u00e0 porta, n\u00e3o \u00e9 a primeira vez. Ele fez o pedido de casamento porque quis, ela aceitou porque quis. Ela entrou, ele n\u00e3o. Foi simples. \u00c9 tudo um problema&#8221;, continuou a Diretora de Entretenimento e Fic\u00e7\u00e3o da esta\u00e7\u00e3o de Queluz de Baixo.<\/p>\n<p>&#8220;O Leandro ontem saiu porque a gente deixou que isto acontecesse. Estou muito cansada&#8221;, rematou, ainda, Cristina Ferreira.<\/p>\n<p>Veja, agora, o v\u00eddeo.<\/p>\n","protected":false},"excerpt":{"rendered":"Cristina Ferreira decidiu fazer um esclarecimento sobre Liliana Oliveira e Z\u00e9 Andrade, o ex-noivo, no programa &#8220;Dois \u00e0s&hellip;\n","protected":false},"author":2,"featured_media":206481,"comment_status":"","ping_status":"","sticky":false,"template":"","format":"standard","meta":{"footnotes":""},"categories":[142],"tags":[166,114,115,980,19016,619,32,33,1014,1315,1012,151,162,975],"class_list":{"0":"post-206480","1":"post","2":"type-post","3":"status-publish","4":"format-standard","5":"has-post-thumbnail","7":"category-tv","8":"tag-cristina-ferreira","9":"tag-entertainment","10":"tag-entretenimento","11":"tag-famosos","12":"tag-liliana","13":"tag-nacional","14":"tag-portugal","15":"tag-pt","16":"tag-reality-show","17":"tag-secret-story","18":"tag-selfie","19":"tag-tv","20":"tag-tvi","21":"tag-ze"},"share_on_mastodon":{"url":"https:\/\/pubeurope.com\/@pt\/115803527727712855","error":""},"_links":{"self":[{"href":"https:\/\/www.europesays.com\/pt\/wp-json\/wp\/v2\/posts\/206480","targetHints":{"allow":["GET"]}}],"collection":[{"href":"https:\/\/www.europesays.com\/pt\/wp-json\/wp\/v2\/posts"}],"about":[{"href":"https:\/\/www.europesays.com\/pt\/wp-json\/wp\/v2\/types\/post"}],"author":[{"embeddable":true,"href":"https:\/\/www.europesays.com\/pt\/wp-json\/wp\/v2\/users\/2"}],"replies":[{"embeddable":true,"href":"https:\/\/www.europesays.com\/pt\/wp-json\/wp\/v2\/comments?post=206480"}],"version-history":[{"count":0,"href":"https:\/\/www.europesays.com\/pt\/wp-json\/wp\/v2\/posts\/206480\/revisions"}],"wp:featuredmedia":[{"embeddable":true,"href":"https:\/\/www.europesays.com\/pt\/wp-json\/wp\/v2\/media\/206481"}],"wp:attachment":[{"href":"https:\/\/www.europesays.com\/pt\/wp-json\/wp\/v2\/media?parent=206480"}],"wp:term":[{"taxonomy":"category","embeddable":true,"href":"https:\/\/www.europesays.com\/pt\/wp-json\/wp\/v2\/categories?post=206480"},{"taxonomy":"post_tag","embeddable":true,"href":"https:\/\/www.europesays.com\/pt\/wp-json\/wp\/v2\/tags?post=206480"}],"curies":[{"name":"wp","href":"https:\/\/api.w.org\/{rel}","templated":true}]}}