{"id":206514,"date":"2025-12-29T15:40:12","date_gmt":"2025-12-29T15:40:12","guid":{"rendered":"https:\/\/www.europesays.com\/pt\/206514\/"},"modified":"2025-12-29T15:40:12","modified_gmt":"2025-12-29T15:40:12","slug":"as-vacas-abandonadas-na-longinqua-ilha-de-amesterdao-continuam-a-fascinar-cientistas","status":"publish","type":"post","link":"https:\/\/www.europesays.com\/pt\/206514\/","title":{"rendered":"As vacas abandonadas na long\u00ednqua Ilha de Amesterd\u00e3o continuam a fascinar cientistas"},"content":{"rendered":"<p class=\"wp-caption-text top\"><a href=\"https:\/\/commons.wikimedia.org\/wiki\/File:Amsterdam_Island_Cattle.jpg\" rel=\"nofollow external noopener noreferrer\" data-wpel-link=\"external\" target=\"_blank\" class=\"ext-link\">Clker \/ Wikipedia<\/a><\/p>\n<p><img decoding=\"async\" loading=\"lazy\" class=\"size-kopa-image-size-3 wp-image-719132\" src=\"https:\/\/www.europesays.com\/pt\/wp-content\/uploads\/2025\/12\/a87ff679a2f3e71d9181a67b7542122c-1-783x450.jpg\" alt=\"\" width=\"700\" height=\"402\"  \/><\/p>\n<p class=\"wp-caption-text bot\">As vacas da Ilha de Amesterd\u00e3o eram uma ra\u00e7a rara de gado selvagem (Bos taurus) introduzida em 1871 e que vivia isolada na Ilha de Amesterd\u00e3o<\/p>\n<p><strong>As vacas deixadas para tr\u00e1s h\u00e1 mais de 150 anos num ponto remoto do planeta, \u00e0 mesma dist\u00e2ncia de \u00c1frica, Austr\u00e1lia e Ant\u00e1rtida, acabaram por prosperar, dando origem a uma das poucas popula\u00e7\u00f5es selvagens de vacas dom\u00e9sticas existentes no mundo.<\/strong><\/p>\n<p>Por volta de 1871, um agricultor da ilha francesa de Reuni\u00e3o, situada ao largo de Madag\u00e1scar, levou a fam\u00edlia e as suas vacas para a long\u00ednqua Ilha de Amesterd\u00e3o \u2014 que fica aproximadamente \u00e0 mesma dist\u00e2ncia de <strong>\u00c1frica, Austr\u00e1lia e Ant\u00e1rtida<\/strong> \u2014 na esperan\u00e7a de conseguir l\u00e1 subsistir.<\/p>\n<p>Menos de um ano depois, <strong>a fam\u00edlia regressou<\/strong> \u00e0 Reuni\u00e3o, deixando para tr\u00e1s as vacas. Embora a Hist\u00f3ria tenha praticamente esquecido esta expedi\u00e7\u00e3o falhada, a ci\u00eancia continua a estudar as vacas que l\u00e1 ficaram.<\/p>\n<p>A Ilha de Amesterd\u00e3o \u00e9 pouco mais do que um <strong>afloramento vulc\u00e2nico<\/strong> a emergir do sul do Oceano \u00cdndico, pelo que n\u00e3o surpreende que os colonos franceses tenham partido t\u00e3o depressa.<\/p>\n<p>O que surpreende os cientistas, no entanto, \u00e9 que as vacas deixadas para tr\u00e1s <strong>acabaram por prosperar<\/strong>, dando origem a uma das poucas popula\u00e7\u00f5es selvagens de vacas dom\u00e9sticas existentes no mundo.<\/p>\n<p>No seu auge, diz o <a href=\"https:\/\/www.sciencing.com\/2059034\/scientists-cant-quite-believe-abandoned-cow-phenomenon\/\" data-wpel-link=\"external\" target=\"_blank\" rel=\"nofollow external noopener noreferrer\" class=\"ext-link\">Sciencing<\/a>, a popula\u00e7\u00e3o de vacas da Ilha de Amesterd\u00e3o chegou a cerca de <strong>2.000 animais<\/strong> \u2014 sendo que investigadores que ali trabalhavam sazonalmente ainda <strong>abatiam cerca de 50 por ano para alimenta\u00e7\u00e3o<\/strong>.<\/p>\n<p>Apesar do seu valor cient\u00edfico, sobretudo para os geneticistas, estas vacas eram <strong>uma esp\u00e9cie invasora<\/strong>, destruindo o ecossistema e tornando-se uma amea\u00e7a para as plantas end\u00e9micas.<\/p>\n<p>Para<strong> travar os efeitos da destrui\u00e7\u00e3o ambiental<\/strong> causada pelo gado, o governo franc\u00eas construiu uma veda\u00e7\u00e3o de arame farpado eletrificado para confinar os animais no lado norte da ilha, abatendo o rebanho a sul dessa barreira.<\/p>\n<p>Com o sucesso destas medidas, <strong>decidiu-se erradicar a popula\u00e7\u00e3o restante<\/strong> em 2010. Ainda assim, estas vacas continuam a ajudar-nos a perceber como a <strong>evolu\u00e7\u00e3o e as press\u00f5es naturais<\/strong> moldam a vida.<\/p>\n<p>Porque s\u00e3o t\u00e3o interessantes<\/p>\n<p>Existem poucas popula\u00e7\u00f5es de vacas selvagens no mundo, o que significa que t\u00eam havido poucas oportunidades para estudar o <strong>processo de \u201cferaliza\u00e7\u00e3o\u201d<\/strong> do gado. Uma das grandes surpresas para os investigadores foi a <strong>diversidade gen\u00e9tica<\/strong> das vacas da Ilha de Amesterd\u00e3o.<\/p>\n<p>De acordo com um <a href=\"https:\/\/academic.oup.com\/mbe\/article\/41\/7\/msae121\/7695851?login=false\" data-wpel-link=\"external\" target=\"_blank\" rel=\"nofollow external noopener noreferrer\" class=\"ext-link\">estudo<\/a> publicado em 2024 na Molecular Biology and Evolution, os cientistas descobriram que as vacas selvagens da ilha apresentam maior <strong>diversidade gen\u00e9tica<\/strong> do que as suas cong\u00e9neres dom\u00e9sticas europeias, apesar de terem tido origem num <strong>grupo fundador de apenas cinco indiv\u00edduos<\/strong>, h\u00e1 pouco mais de um s\u00e9culo.<\/p>\n<p>Os investigadores especulam que parte do sucesso das vacas da Ilha de Amesterd\u00e3o se deve \u00e0 sua<strong> heran\u00e7a pr\u00e9-selvagem<\/strong>.<\/p>\n<p>Os antepassados das vacas abandonadas <strong>eram maioritariamente europeus<\/strong>, muito pr\u00f3ximos da ra\u00e7a Jersey, origin\u00e1ria do Reino Unido. O seu porte relativamente pequeno e a <strong>adapta\u00e7\u00e3o pr\u00e9via a climas frios e h\u00famidos<\/strong> deram-lhes uma vantagem nas condi\u00e7\u00f5es subpolares da ilha.<\/p>\n<p>As vacas selvagens da Ilha de Amesterd\u00e3o <strong>foram entretanto erradicadas<\/strong>, mas n\u00e3o foram a \u00faltima popula\u00e7\u00e3o de vacas selvagens existente. Em <a href=\"https:\/\/zap.aeiou.pt\/tag\/Chernobyl\" data-wpel-link=\"internal\" rel=\"nofollow noopener\" target=\"_blank\">Chernobyl<\/a>, as vacas selvagens, e o seu impacto no meio ambiente, <a href=\"https:\/\/zap.aeiou.pt\/vacas-chernobyl-animais-selvagens-376468\" data-wpel-link=\"internal\" rel=\"nofollow noopener\" target=\"_blank\">est\u00e3o a ser estudadas<\/a> como um an\u00e1logo do <a href=\"https:\/\/zap.aeiou.pt\/extinto-auroque-voltar-vaguear-europa-459898\" data-wpel-link=\"internal\" rel=\"nofollow noopener\" target=\"_blank\">auroque<\/a>, o antepassado selvagem e extinto do gado.<\/p>\n<p>J\u00e1 no Alasca, as <strong>vacas<\/strong> <strong>selvagens da Ilha de Chirikof<\/strong> est\u00e3o a ser protegidas como <strong>salvaguarda gen\u00e9tica contra eventuais surtos de doen\u00e7as<\/strong>. Para as vacas da Ilha de Amesterd\u00e3o j\u00e1 \u00e9 tarde, mas ainda podemos proteger as popula\u00e7\u00f5es selvagens que restam.<\/p>\n<p>    <a href=\"https:\/\/zap.aeiou.pt\/subscrever-newsletter\" data-wpel-link=\"internal\" rel=\"nofollow noopener\" target=\"_blank\">&#13;<br \/>\n        <img loading=\"lazy\" decoding=\"async\" class=\"aligncenter size-full wp-image-575475\" src=\"https:\/\/www.europesays.com\/pt\/wp-content\/uploads\/2025\/12\/1765389371_545_2d51fe4a0ba54894421ead1809309ed9-1-450x140.jpg\" alt=\"Subscreva a Newsletter ZAP\" width=\"450\" height=\"140\"\/>&#13;<br \/>\n    <\/a><\/p>\n<p>                <a href=\"https:\/\/whatsapp.com\/channel\/0029VaIC4EE2f3EJZPPSbR34\" data-wpel-link=\"external\" target=\"_blank\" rel=\"nofollow external noopener noreferrer\" class=\"ext-link\">&#13;<br \/>\n                    <img loading=\"lazy\" decoding=\"async\" class=\"aligncenter size-full wp-image-575475\" src=\"https:\/\/www.europesays.com\/pt\/wp-content\/uploads\/2025\/12\/1765389371_770_c68c559d956d4ca20f435ed74a6e71e6.png\" alt=\"Siga-nos no WhatsApp\" width=\"175\" height=\"64\"\/>&#13;<br \/>\n                <\/a><\/p>\n<p>                <a href=\"https:\/\/news.google.com\/publications\/CAAiEHRwZondIV71PDjWNoqMduEqFAgKIhB0cGaJ3SFe9Tw41jaKjHbh?hl=en-US&amp;gl=US&amp;ceid=US%3Aen\" data-wpel-link=\"external\" target=\"_blank\" rel=\"nofollow external noopener noreferrer\" class=\"ext-link\">&#13;<br \/>\n                    <img loading=\"lazy\" decoding=\"async\" class=\"aligncenter size-full wp-image-575475\" src=\"https:\/\/www.europesays.com\/pt\/wp-content\/uploads\/2025\/12\/1765389372_556_5123dd8b087b644fdb8f8603acd1bad4.png\" alt=\"Siga-nos no Google News\" width=\"176\" height=\"64\"\/>&#13;<br \/>\n                <\/a><\/p>\n","protected":false},"excerpt":{"rendered":"Clker \/ Wikipedia As vacas da Ilha de Amesterd\u00e3o eram uma ra\u00e7a rara de gado selvagem (Bos taurus)&hellip;\n","protected":false},"author":2,"featured_media":206515,"comment_status":"","ping_status":"","sticky":false,"template":"","format":"standard","meta":{"footnotes":""},"categories":[50],"tags":[2780,4614,27,28,15,16,2217,14,25,26,21,22,62,12,13,19,20,23,24,17,18,29,30,31,63,64,65],"class_list":{"0":"post-206514","1":"post","2":"type-post","3":"status-publish","4":"format-standard","5":"has-post-thumbnail","7":"category-mundo","8":"tag-biodiversidade","9":"tag-biologia","10":"tag-breaking-news","11":"tag-breakingnews","12":"tag-featured-news","13":"tag-featurednews","14":"tag-genetica","15":"tag-headlines","16":"tag-latest-news","17":"tag-latestnews","18":"tag-main-news","19":"tag-mainnews","20":"tag-mundo","21":"tag-news","22":"tag-noticias","23":"tag-noticias-principais","24":"tag-noticiasprincipais","25":"tag-principais-noticias","26":"tag-principaisnoticias","27":"tag-top-stories","28":"tag-topstories","29":"tag-ultimas","30":"tag-ultimas-noticias","31":"tag-ultimasnoticias","32":"tag-world","33":"tag-world-news","34":"tag-worldnews"},"share_on_mastodon":{"url":"https:\/\/pubeurope.com\/@pt\/115803614389595431","error":""},"_links":{"self":[{"href":"https:\/\/www.europesays.com\/pt\/wp-json\/wp\/v2\/posts\/206514","targetHints":{"allow":["GET"]}}],"collection":[{"href":"https:\/\/www.europesays.com\/pt\/wp-json\/wp\/v2\/posts"}],"about":[{"href":"https:\/\/www.europesays.com\/pt\/wp-json\/wp\/v2\/types\/post"}],"author":[{"embeddable":true,"href":"https:\/\/www.europesays.com\/pt\/wp-json\/wp\/v2\/users\/2"}],"replies":[{"embeddable":true,"href":"https:\/\/www.europesays.com\/pt\/wp-json\/wp\/v2\/comments?post=206514"}],"version-history":[{"count":0,"href":"https:\/\/www.europesays.com\/pt\/wp-json\/wp\/v2\/posts\/206514\/revisions"}],"wp:featuredmedia":[{"embeddable":true,"href":"https:\/\/www.europesays.com\/pt\/wp-json\/wp\/v2\/media\/206515"}],"wp:attachment":[{"href":"https:\/\/www.europesays.com\/pt\/wp-json\/wp\/v2\/media?parent=206514"}],"wp:term":[{"taxonomy":"category","embeddable":true,"href":"https:\/\/www.europesays.com\/pt\/wp-json\/wp\/v2\/categories?post=206514"},{"taxonomy":"post_tag","embeddable":true,"href":"https:\/\/www.europesays.com\/pt\/wp-json\/wp\/v2\/tags?post=206514"}],"curies":[{"name":"wp","href":"https:\/\/api.w.org\/{rel}","templated":true}]}}