{"id":206536,"date":"2025-12-29T15:55:17","date_gmt":"2025-12-29T15:55:17","guid":{"rendered":"https:\/\/www.europesays.com\/pt\/206536\/"},"modified":"2025-12-29T15:55:17","modified_gmt":"2025-12-29T15:55:17","slug":"idoso-detido-por-conduzir-em-contramao-na-a4-em-mirandela","status":"publish","type":"post","link":"https:\/\/www.europesays.com\/pt\/206536\/","title":{"rendered":"Idoso detido por conduzir em contram\u00e3o na A4 em Mirandela"},"content":{"rendered":"<p data-remotead-prev-elm=\"true\" data-remotead-elm-id=\"inread\">A deten\u00e7\u00e3o ocorreu quando militares da Unidade Nacional de Tr\u00e2nsito detetaram que o ve\u00edculo circulava em contram\u00e3o na A4, na zona de Mirandela, durante uma a\u00e7\u00e3o de patrulhamento da Opera\u00e7\u00e3o de Natal e Ano Novo.<\/p>\n<p>&#8220;A GNR fez o condutor cessar tal comportamento, uma vez que colocava em causa a seguran\u00e7a rodovi\u00e1ria de todos quantos utilizavam aquela via&#8221;, explicou o comando de Bragan\u00e7a.<\/p>\n<p>O condutor foi detido e constitu\u00eddo arguido, e ser\u00e1 presente ao Tribunal Judicial de Mirandela.<\/p>\n","protected":false},"excerpt":{"rendered":"A deten\u00e7\u00e3o ocorreu quando militares da Unidade Nacional de Tr\u00e2nsito detetaram que o ve\u00edculo circulava em contram\u00e3o na&hellip;\n","protected":false},"author":2,"featured_media":172875,"comment_status":"","ping_status":"","sticky":false,"template":"","format":"standard","meta":{"footnotes":""},"categories":[10],"tags":[34659,27,28,40716,15,16,2002,14,603,25,26,21,22,12,13,19,20,32,23,24,33,17,18,29,30,31],"class_list":{"0":"post-206536","1":"post","2":"type-post","3":"status-publish","4":"format-standard","5":"has-post-thumbnail","7":"category-portugal","8":"tag-a4","9":"tag-breaking-news","10":"tag-breakingnews","11":"tag-contramao","12":"tag-featured-news","13":"tag-featurednews","14":"tag-gnr","15":"tag-headlines","16":"tag-justica","17":"tag-latest-news","18":"tag-latestnews","19":"tag-main-news","20":"tag-mainnews","21":"tag-news","22":"tag-noticias","23":"tag-noticias-principais","24":"tag-noticiasprincipais","25":"tag-portugal","26":"tag-principais-noticias","27":"tag-principaisnoticias","28":"tag-pt","29":"tag-top-stories","30":"tag-topstories","31":"tag-ultimas","32":"tag-ultimas-noticias","33":"tag-ultimasnoticias"},"share_on_mastodon":{"url":"https:\/\/pubeurope.com\/@pt\/115803673439117384","error":""},"_links":{"self":[{"href":"https:\/\/www.europesays.com\/pt\/wp-json\/wp\/v2\/posts\/206536","targetHints":{"allow":["GET"]}}],"collection":[{"href":"https:\/\/www.europesays.com\/pt\/wp-json\/wp\/v2\/posts"}],"about":[{"href":"https:\/\/www.europesays.com\/pt\/wp-json\/wp\/v2\/types\/post"}],"author":[{"embeddable":true,"href":"https:\/\/www.europesays.com\/pt\/wp-json\/wp\/v2\/users\/2"}],"replies":[{"embeddable":true,"href":"https:\/\/www.europesays.com\/pt\/wp-json\/wp\/v2\/comments?post=206536"}],"version-history":[{"count":0,"href":"https:\/\/www.europesays.com\/pt\/wp-json\/wp\/v2\/posts\/206536\/revisions"}],"wp:featuredmedia":[{"embeddable":true,"href":"https:\/\/www.europesays.com\/pt\/wp-json\/wp\/v2\/media\/172875"}],"wp:attachment":[{"href":"https:\/\/www.europesays.com\/pt\/wp-json\/wp\/v2\/media?parent=206536"}],"wp:term":[{"taxonomy":"category","embeddable":true,"href":"https:\/\/www.europesays.com\/pt\/wp-json\/wp\/v2\/categories?post=206536"},{"taxonomy":"post_tag","embeddable":true,"href":"https:\/\/www.europesays.com\/pt\/wp-json\/wp\/v2\/tags?post=206536"}],"curies":[{"name":"wp","href":"https:\/\/api.w.org\/{rel}","templated":true}]}}