{"id":206537,"date":"2025-12-29T15:56:13","date_gmt":"2025-12-29T15:56:13","guid":{"rendered":"https:\/\/www.europesays.com\/pt\/206537\/"},"modified":"2025-12-29T15:56:13","modified_gmt":"2025-12-29T15:56:13","slug":"zelensky-quer-referendo-ao-plano-de-paz-negociado-com-os-estados-unidos","status":"publish","type":"post","link":"https:\/\/www.europesays.com\/pt\/206537\/","title":{"rendered":"Zelensky quer referendo ao plano de paz negociado com os Estados Unidos"},"content":{"rendered":"<p>                O presidente ucraniano defendeu esta segunda-feira que o plano de paz de 20 pontos negociado com Washington deve ser submetido a um referendo, de modo a que o povo da Ucr\u00e2nia possa ter uma palavra a dizer sobre o futuro do pa\u00eds.<\/p>\n<p>Em declara\u00e7\u00f5es aos jornalistas numa conversa no WhatsApp, Volodymyr Zelensky acrescentou que, para realizar esse referendo, <b>seria necess\u00e1rio um cessar-fogo de pelo menos 60 dias<\/b>.Zelensky quis ainda vincar que o funcionamento da central nuclear de Zaporizhia, no sul da Ucr\u00e2nia, e a quest\u00e3o territorial da regi\u00e3o do Donbass, reivindicada pela R\u00fassia, continuam a ser dois assuntos por resolver apesar do plano de 20 pontos.<br \/>&#13;<br \/>\n&#13;<br \/>\n<br \/>&#13;\n<\/p>\n<p>&#13;<br \/>\n<br \/>&#13;<br \/>\n&#8220;Duas quest\u00f5es permanecem: como funcionar\u00e1 a central nuclear de Zaporizhia e o problema dos territ\u00f3rios. <b>Estas s\u00e3o as duas quest\u00f5es que permanecem<\/b>&#8220;, afirmou, acrescentando que &#8220;n\u00e3o h\u00e1 acordo&#8221; sobre estes dois temas.&#13;\n<\/p>\n<p>&#13;<br \/>\nTrump ter\u00e1 prometido garantia de seguran\u00e7a por 15 anos&#13;\n<\/p>\n<p>\nZelensky disse tamb\u00e9m que apenas ir\u00e1 levantar a lei marcial &#8211; que pro\u00edbe os homens ucranianos mobilizados de deixar o pa\u00eds &#8211; ap\u00f3s o fim da guerra e depois de obter garantias de seguran\u00e7a.<\/p>\n<p>&#8220;Todos queremos que a guerra termine e s\u00f3 ent\u00e3o a lei marcial ser\u00e1 levantada. No entanto, <b>o levantamento da lei marcial vai ocorrer quando a Ucr\u00e2nia obtiver garantias de seguran\u00e7a<\/b>. Sem garantias de seguran\u00e7a, esta guerra n\u00e3o pode ser considerada totalmente terminada&#8221;, defendeu.<\/p>\n<p>          <img decoding=\"async\" itemprop=\"image\" class=\"img-fluid\"   src=\"https:\/\/www.europesays.com\/pt\/wp-content\/uploads\/2025\/12\/4b2431803da02942c62f1729f0996c77_N.jpg\"\/><\/p>\n<p>Jornal da Tarde | 29 de dezembro de 2025<br \/>&#13;<\/p>\n<p>\nSegundo Zelensky, o presidente Donald Trump confirmou, na reuni\u00e3o de domingo, \u201cfortes garantias de seguran\u00e7a dos Estados Unidos\u201d por um per\u00edodo de 15 anos prorrog\u00e1veis.<\/p>\n<p>&#8220;Eu queria que essas garantias fossem mais longas. E disse [a Trump] que <b>queremos considerar a possibilidade de 30, 40, 50 anos<\/b>&#8220;, revelou, acrescentando que o seu hom\u00f3logo americano garantiu que <b>iria refletir sobre essa possibilidade<\/b>.<\/p>\n<p>O l\u00edder da Ucr\u00e2nia considerou ainda que o envio de tropas estrangeiras ao seu pa\u00eds seria uma garantia de seguran\u00e7a necess\u00e1ria e &#8220;real&#8221; para dissuadir a R\u00fassia de o atacar novamente.<\/p>\n<p>&#8220;Para ser honesto, sim. Acredito que <b>a presen\u00e7a de tropas internacionais constitui uma garantia real de seguran\u00e7a<\/b>, um refor\u00e7o das garantias de seguran\u00e7a que os nossos parceiros j\u00e1 nos oferecem&#8221;, acrescentou na confer\u00eancia de imprensa online.Zelensky quer plano assinado tamb\u00e9m pela Europa<br \/>&#13;<br \/>\nO presidente disse esperar que se realize muito em breve, na Ucr\u00e2nia, um encontro entre respons\u00e1veis ucranianos, norte-americanos e europeus para avan\u00e7ar nas negocia\u00e7\u00f5es que visam p\u00f4r fim \u00e0 guerra.<\/p>\n<p>&#8220;Nos pr\u00f3ximos dias, queremos organizar uma reuni\u00e3o ao n\u00edvel dos conselheiros. <b>[O negociador ucraniano] Roustem Oumerov j\u00e1 est\u00e1 em contacto com todos os conselheiros americanos e europeus.<\/b> Queremos que esta reuni\u00e3o se realize finalmente na Ucr\u00e2nia, e acredito que faremos tudo o que for poss\u00edvel para que isso aconte\u00e7a&#8221;, declarou Zelensky.<\/p>\n<p>O l\u00edder ucraniano acrescentou que quer ver o plano de paz assinado n\u00e3o s\u00f3 pela Ucr\u00e2nia e a R\u00fassia, como pelos Estados Unidos e a Europa.<\/p>\n<p>O presidente ucraniano aproveitou ainda para afirmar que as a\u00e7\u00f5es do presidente russo, Vladimir Putin, n\u00e3o correspondem \u00e0s declara\u00e7\u00f5es &#8220;pac\u00edficas&#8221; que fez ao presidente Donald Trump, j\u00e1 que continua a ordenar bombardeamentos contra a Ucr\u00e2nia.<\/p>\n<p>&#8220;Por um lado, [Putin] diz ao presidente dos Estados Unidos que quer acabar com a guerra&#8221;, referiu Zelensky. &#8220;Por outro, comunica abertamente nos meios de comunica\u00e7\u00e3o social que quer continuar a guerra &#8211; <b>ataca-nos com m\u00edsseis, fala abertamente sobre isso, celebra a destrui\u00e7\u00e3o de infraestruturas civis<\/b>, d\u00e1 instru\u00e7\u00f5es aos seus generais sobre onde avan\u00e7ar&#8221;.<\/p>\n<p>&#8220;Estas a\u00e7\u00f5es n\u00e3o correspondem \u00e0 ret\u00f3rica supostamente pac\u00edfica que ele usa nas suas conversas com o presidente dos Estados Unidos&#8221;, concluiu.<\/p>\n<p>c\/ ag\u00eancias&#13;\n            <\/p>\n","protected":false},"excerpt":{"rendered":"O presidente ucraniano defendeu esta segunda-feira que o plano de paz de 20 pontos negociado com Washington deve&hellip;\n","protected":false},"author":2,"featured_media":206538,"comment_status":"","ping_status":"","sticky":false,"template":"","format":"standard","meta":{"footnotes":""},"categories":[8],"tags":[27,28,92,235,21940,15,16,830,14,25,26,21,22,12,13,19,20,3894,32,3281,23,24,33,35982,839,17,18,840,29,30,31,2415,2416],"class_list":{"0":"post-206537","1":"post","2":"type-post","3":"status-publish","4":"format-standard","5":"has-post-thumbnail","7":"category-principais-noticias","8":"tag-breaking-news","9":"tag-breakingnews","10":"tag-donald-trump","11":"tag-estados-unidos","12":"tag-europeus","13":"tag-featured-news","14":"tag-featurednews","15":"tag-guerra","16":"tag-headlines","17":"tag-latest-news","18":"tag-latestnews","19":"tag-main-news","20":"tag-mainnews","21":"tag-news","22":"tag-noticias","23":"tag-noticias-principais","24":"tag-noticiasprincipais","25":"tag-plano","26":"tag-portugal","27":"tag-presidente","28":"tag-principais-noticias","29":"tag-principaisnoticias","30":"tag-pt","31":"tag-referendo","32":"tag-russia","33":"tag-top-stories","34":"tag-topstories","35":"tag-ucrania","36":"tag-ultimas","37":"tag-ultimas-noticias","38":"tag-ultimasnoticias","39":"tag-vladimir-putin","40":"tag-volodymyr-zelensky"},"share_on_mastodon":{"url":"","error":"Validation failed: Text character limit of 500 exceeded"},"_links":{"self":[{"href":"https:\/\/www.europesays.com\/pt\/wp-json\/wp\/v2\/posts\/206537","targetHints":{"allow":["GET"]}}],"collection":[{"href":"https:\/\/www.europesays.com\/pt\/wp-json\/wp\/v2\/posts"}],"about":[{"href":"https:\/\/www.europesays.com\/pt\/wp-json\/wp\/v2\/types\/post"}],"author":[{"embeddable":true,"href":"https:\/\/www.europesays.com\/pt\/wp-json\/wp\/v2\/users\/2"}],"replies":[{"embeddable":true,"href":"https:\/\/www.europesays.com\/pt\/wp-json\/wp\/v2\/comments?post=206537"}],"version-history":[{"count":0,"href":"https:\/\/www.europesays.com\/pt\/wp-json\/wp\/v2\/posts\/206537\/revisions"}],"wp:featuredmedia":[{"embeddable":true,"href":"https:\/\/www.europesays.com\/pt\/wp-json\/wp\/v2\/media\/206538"}],"wp:attachment":[{"href":"https:\/\/www.europesays.com\/pt\/wp-json\/wp\/v2\/media?parent=206537"}],"wp:term":[{"taxonomy":"category","embeddable":true,"href":"https:\/\/www.europesays.com\/pt\/wp-json\/wp\/v2\/categories?post=206537"},{"taxonomy":"post_tag","embeddable":true,"href":"https:\/\/www.europesays.com\/pt\/wp-json\/wp\/v2\/tags?post=206537"}],"curies":[{"name":"wp","href":"https:\/\/api.w.org\/{rel}","templated":true}]}}