{"id":206551,"date":"2025-12-29T16:06:11","date_gmt":"2025-12-29T16:06:11","guid":{"rendered":"https:\/\/www.europesays.com\/pt\/206551\/"},"modified":"2025-12-29T16:06:11","modified_gmt":"2025-12-29T16:06:11","slug":"fantasy-life-i-vendeu-1-5-milhoes-de-unidades","status":"publish","type":"post","link":"https:\/\/www.europesays.com\/pt\/206551\/","title":{"rendered":"FANTASY LIFE i vendeu 1.5 milh\u00f5es de unidades"},"content":{"rendered":"<p>FANTASY LIFE i: The Girl Who Steals Time alcan\u00e7ou novo marco de vendas, com mais de 1.5 milh\u00f5es de c\u00f3pias vendidas desde o lan\u00e7amento, a 21 de maio em todo o mundo.<\/p>\n<p>A Level-5 anunciou o novo n\u00famero e agradece a todos os jogadores que apostaram o seu dinheiro e tempo nesta mistura de RPG com simula\u00e7\u00e3o de venda, dispon\u00edvel para a PS5, PS4, Nintendo <a href=\"https:\/\/www.eurogamer.pt\/tudo-o-que-foi-anunciado-na-nintendo-direc-da-switch-2\" rel=\"nofollow noopener\" target=\"_blank\">Switch 2<\/a>, Nintendo Switch, PC e Xbox Series.<\/p>\n<p>FANTASY LIFE i: The Girl Who Steals Time alcan\u00e7ou o n\u00famero de 1 milh\u00e3o de unidades vendidas no in\u00edcio de junho, o que significa que o conseguiu em menos de um m\u00eas, mas preciso de mais seis meses para vender as 500 mil unidades adicionais.<\/p>\n<p>Ap\u00f3s o lan\u00e7amento, a Level-5 est\u00e1 a apoiar o jogo com novos conte\u00fados, incluindo o novo modo roguelite lan\u00e7ado a 24 de dezembro, o que est\u00e1 a ajudar a manter o interesse em FANTASY LIFE i: The Girl Who Steals Time.<\/p>\n","protected":false},"excerpt":{"rendered":"FANTASY LIFE i: The Girl Who Steals Time alcan\u00e7ou novo marco de vendas, com mais de 1.5 milh\u00f5es&hellip;\n","protected":false},"author":2,"featured_media":206552,"comment_status":"","ping_status":"","sticky":false,"template":"","format":"standard","meta":{"footnotes":""},"categories":[84],"tags":[109,107,108,32,33,105,103,104,106,110],"class_list":{"0":"post-206551","1":"post","2":"type-post","3":"status-publish","4":"format-standard","5":"has-post-thumbnail","7":"category-ciencia-e-tecnologia","8":"tag-ciencia","9":"tag-ciencia-e-tecnologia","10":"tag-cienciaetecnologia","11":"tag-portugal","12":"tag-pt","13":"tag-science","14":"tag-science-and-technology","15":"tag-scienceandtechnology","16":"tag-technology","17":"tag-tecnologia"},"share_on_mastodon":{"url":"https:\/\/pubeurope.com\/@pt\/115803716603217986","error":""},"_links":{"self":[{"href":"https:\/\/www.europesays.com\/pt\/wp-json\/wp\/v2\/posts\/206551","targetHints":{"allow":["GET"]}}],"collection":[{"href":"https:\/\/www.europesays.com\/pt\/wp-json\/wp\/v2\/posts"}],"about":[{"href":"https:\/\/www.europesays.com\/pt\/wp-json\/wp\/v2\/types\/post"}],"author":[{"embeddable":true,"href":"https:\/\/www.europesays.com\/pt\/wp-json\/wp\/v2\/users\/2"}],"replies":[{"embeddable":true,"href":"https:\/\/www.europesays.com\/pt\/wp-json\/wp\/v2\/comments?post=206551"}],"version-history":[{"count":0,"href":"https:\/\/www.europesays.com\/pt\/wp-json\/wp\/v2\/posts\/206551\/revisions"}],"wp:featuredmedia":[{"embeddable":true,"href":"https:\/\/www.europesays.com\/pt\/wp-json\/wp\/v2\/media\/206552"}],"wp:attachment":[{"href":"https:\/\/www.europesays.com\/pt\/wp-json\/wp\/v2\/media?parent=206551"}],"wp:term":[{"taxonomy":"category","embeddable":true,"href":"https:\/\/www.europesays.com\/pt\/wp-json\/wp\/v2\/categories?post=206551"},{"taxonomy":"post_tag","embeddable":true,"href":"https:\/\/www.europesays.com\/pt\/wp-json\/wp\/v2\/tags?post=206551"}],"curies":[{"name":"wp","href":"https:\/\/api.w.org\/{rel}","templated":true}]}}