{"id":206577,"date":"2025-12-29T16:23:35","date_gmt":"2025-12-29T16:23:35","guid":{"rendered":"https:\/\/www.europesays.com\/pt\/206577\/"},"modified":"2025-12-29T16:23:35","modified_gmt":"2025-12-29T16:23:35","slug":"camara-de-miranda-do-corvo-critica-funcionamento-do-metrobus","status":"publish","type":"post","link":"https:\/\/www.europesays.com\/pt\/206577\/","title":{"rendered":"C\u00e2mara de Miranda do Corvo critica funcionamento do Metrobus"},"content":{"rendered":"<p data-remotead-prev-elm=\"true\" data-remotead-elm-id=\"inread\">A C\u00e2mara de Miranda do Corvo n\u00e3o est\u00e1 satisfeita com o novo servi\u00e7o do Metro Mondego, iniciado no passado dia 16, apontando uma s\u00e9rie de cr\u00edticas e exigindo uma resposta urgente da administra\u00e7\u00e3o \u00e0s necessidades dos utentes, que no entender do munic\u00edpio, n\u00e3o est\u00e3o a ser satisfeitas como deveriam.<\/p>\n<p>&#8220;Desde o in\u00edcio da opera\u00e7\u00e3o t\u00eam sido identificadas falhas graves na adequa\u00e7\u00e3o da oferta \u00e0 procura existente. Nas primeiras semanas de funcionamento, a procura registada superou largamente as previs\u00f5es iniciais, em particular ao fim de semana, resultando em autocarros sistematicamente sobrelotados e deixando dezenas de pessoas sem qualquer solu\u00e7\u00e3o de transporte, incluindo trabalhadores por turnos, estudantes e cidad\u00e3os em desloca\u00e7\u00f5es inadi\u00e1veis&#8221;, aponta a autarquia em comunicado, acrescentando ter j\u00e1 transmitido verbalmente os problemas \u00e0 administra\u00e7\u00e3o da Metro Mondego.<\/p>\n<p>No entender da edilidade n\u00e3o faz sentido que ap\u00f3s uma espera de 15 anos, o sistema n\u00e3o responda &#8220;\u00e0s necessidades reais de quem dele depende diariamente para trabalhar, estudar, aceder a cuidados de sa\u00fade e regressar a casa ap\u00f3s longas jornadas laborais&#8221;.<\/p>\n<p data-remotead-prev-elm=\"true\" data-remotead-elm-id=\"centro1\">O munic\u00edpio liderado por Jos\u00e9 Ferreira estende os &#8220;constrangimentos inaceit\u00e1veis&#8221; aos dias \u00fateis, considerando que &#8220;\u00e9 urgente a reposi\u00e7\u00e3o de hor\u00e1rios diretos nas horas de ponta da manh\u00e3 entre Lous\u00e3, Miranda do Corvo e Coimbra, bem como no sentido inverso ao final do dia, assegurando um servi\u00e7o r\u00e1pido, previs\u00edvel e compat\u00edvel com a vida profissional e familiar das popula\u00e7\u00f5es&#8221;.<\/p>\n<p>A esmagadora maioria dos autocarros do metrobus param na quase totalidade das 27 esta\u00e7\u00f5es entre Serpins (Lous\u00e3) e o centro de Coimbra (Portagem), demorando uma hora a fazer o percurso de 36 quil\u00f3metros, que atravessa tamb\u00e9m o concelho de Miranda do Corvo.<\/p>\n<p>O Munic\u00edpio de Miranda do Corvo &#8220;est\u00e1 ao lado das pessoas e n\u00e3o pode aceitar que um investimento desta dimens\u00e3o falhe na sua fun\u00e7\u00e3o essencial&#8221;. E &#8220;exige \u00e0 administra\u00e7\u00e3o da Metro Mondego uma resposta imediata, com refor\u00e7o de hor\u00e1rios e meios, demonstrando capacidade de adapta\u00e7\u00e3o \u00e0 procura real e respeito por quem depende diariamente deste sistema&#8221;, conclui.<\/p>\n<p>Metro Mondego reconhece &#8220;dificuldades e constrangimentos&#8221;<\/p>\n<p data-remotead-prev-elm=\"true\" data-remotead-elm-id=\"centro2\">Em resposta, a Metro Mondego admite que houve &#8220;dificuldades e constrangimentos nos fins de semana de 20\/21 e 27\/28 de dezembro, verificando-se situa\u00e7\u00f5es indesej\u00e1veis de excessiva lota\u00e7\u00e3o dos ve\u00edculos&#8221;. Isto porque, segundo refere a Administra\u00e7\u00e3o em comunicado, &#8220;o n\u00famero de passageiros que t\u00eam utilizado o sistema tem-se revelado muito superior \u00e0s previs\u00f5es, baseadas nos estudos de procura&#8221;. A esta situa\u00e7\u00e3o, acrescenta, &#8220;n\u00e3o ser\u00e1 alheia quer a curiosidade da popula\u00e7\u00e3o em experimentar o sistema, quer a sua utiliza\u00e7\u00e3o gratuita, bem como a atual \u00e9poca festiva&#8221;.<\/p>\n<p>A Metro Mondego informa ainda que &#8220;os constrangimentos que atualmente a empresa regista, pela opera\u00e7\u00e3o em via \u00fanica e pelo processo de recrutamento e forma\u00e7\u00e3o de motoristas, limitaram a capacidade de refor\u00e7o da oferta nos per\u00edodos de maior aflu\u00eancia nos fins-de-semana referidos&#8221;.<\/p>\n<p>A empresa sublinha, por\u00e9m, &#8220;que est\u00e1 particularmente atenta \u00e0s dificuldades referidas e a envidar esfor\u00e7os para minimizar estes problemas no futuro&#8221;. Em particular, &#8220;caso se verifiquem n\u00edveis de procura substancialmente superiores \u00e0 prevista, ap\u00f3s a entrada em opera\u00e7\u00e3o comercial (viagens pagas) que ir\u00e1 ocorrer no pr\u00f3ximo dia 1 de janeiro, a empresa proceder\u00e1 aos ajustes operacionais necess\u00e1rios para assegurar o seu compromisso com a qualidade, a fiabilidade e a seguran\u00e7a do servi\u00e7o&#8221;.<\/p>\n<p>Todavia, lembra a administra\u00e7\u00e3o, que a &#8220;oferta atual no servi\u00e7o suburbano \u00e9 substancialmente superior ao anterior servi\u00e7o ferrovi\u00e1rio, mesmo considerando a diferente capacidade dos ve\u00edculos&#8221;. A t\u00edtulo de exemplo, &#8220;o n\u00famero de liga\u00e7\u00f5es di\u00e1rias \u00e0 Lous\u00e3 \u00e9 de 50 nos dias \u00fateis, 27 aos s\u00e1bados e 20 aos domingos, valores que comparam com 17, 11 e 8 liga\u00e7\u00f5es di\u00e1rias, respetivamente, do anterior servi\u00e7o ferrovi\u00e1rio&#8221;. J\u00e1 no caso de Miranda do Corvo, &#8220;o n\u00famero de liga\u00e7\u00f5es di\u00e1rias \u00e9 de 62 nos dias \u00fateis, 27 aos s\u00e1bados e 20 aos domingos, valores que comparam com 17, 11 e 8 liga\u00e7\u00f5es di\u00e1rias, respetivamente, do anterior servi\u00e7o ferrovi\u00e1rio&#8221;.<\/p>\n","protected":false},"excerpt":{"rendered":"A C\u00e2mara de Miranda do Corvo n\u00e3o est\u00e1 satisfeita com o novo servi\u00e7o do Metro Mondego, iniciado no&hellip;\n","protected":false},"author":2,"featured_media":206578,"comment_status":"","ping_status":"","sticky":false,"template":"","format":"standard","meta":{"footnotes":""},"categories":[10],"tags":[27,28,40718,3883,15,16,14,25,26,21,22,37466,12,13,19,20,32,23,24,33,17,18,29,30,31],"class_list":{"0":"post-206577","1":"post","2":"type-post","3":"status-publish","4":"format-standard","5":"has-post-thumbnail","7":"category-portugal","8":"tag-breaking-news","9":"tag-breakingnews","10":"tag-concelho-miranda-do-corvo","11":"tag-criticas","12":"tag-featured-news","13":"tag-featurednews","14":"tag-headlines","15":"tag-latest-news","16":"tag-latestnews","17":"tag-main-news","18":"tag-mainnews","19":"tag-metro-mondego","20":"tag-news","21":"tag-noticias","22":"tag-noticias-principais","23":"tag-noticiasprincipais","24":"tag-portugal","25":"tag-principais-noticias","26":"tag-principaisnoticias","27":"tag-pt","28":"tag-top-stories","29":"tag-topstories","30":"tag-ultimas","31":"tag-ultimas-noticias","32":"tag-ultimasnoticias"},"share_on_mastodon":{"url":"https:\/\/pubeurope.com\/@pt\/115803783484744218","error":""},"_links":{"self":[{"href":"https:\/\/www.europesays.com\/pt\/wp-json\/wp\/v2\/posts\/206577","targetHints":{"allow":["GET"]}}],"collection":[{"href":"https:\/\/www.europesays.com\/pt\/wp-json\/wp\/v2\/posts"}],"about":[{"href":"https:\/\/www.europesays.com\/pt\/wp-json\/wp\/v2\/types\/post"}],"author":[{"embeddable":true,"href":"https:\/\/www.europesays.com\/pt\/wp-json\/wp\/v2\/users\/2"}],"replies":[{"embeddable":true,"href":"https:\/\/www.europesays.com\/pt\/wp-json\/wp\/v2\/comments?post=206577"}],"version-history":[{"count":0,"href":"https:\/\/www.europesays.com\/pt\/wp-json\/wp\/v2\/posts\/206577\/revisions"}],"wp:featuredmedia":[{"embeddable":true,"href":"https:\/\/www.europesays.com\/pt\/wp-json\/wp\/v2\/media\/206578"}],"wp:attachment":[{"href":"https:\/\/www.europesays.com\/pt\/wp-json\/wp\/v2\/media?parent=206577"}],"wp:term":[{"taxonomy":"category","embeddable":true,"href":"https:\/\/www.europesays.com\/pt\/wp-json\/wp\/v2\/categories?post=206577"},{"taxonomy":"post_tag","embeddable":true,"href":"https:\/\/www.europesays.com\/pt\/wp-json\/wp\/v2\/tags?post=206577"}],"curies":[{"name":"wp","href":"https:\/\/api.w.org\/{rel}","templated":true}]}}