{"id":206585,"date":"2025-12-29T16:34:15","date_gmt":"2025-12-29T16:34:15","guid":{"rendered":"https:\/\/www.europesays.com\/pt\/206585\/"},"modified":"2025-12-29T16:34:15","modified_gmt":"2025-12-29T16:34:15","slug":"ruy-de-carvalho-internado-devido-a-avc-mas-em-situacao-estavel","status":"publish","type":"post","link":"https:\/\/www.europesays.com\/pt\/206585\/","title":{"rendered":"Ruy de Carvalho internado devido a AVC mas em situa\u00e7\u00e3o est\u00e1vel"},"content":{"rendered":"<p>&#13;<br \/>\nA indica\u00e7\u00e3o foi dada pela filha do ator, Paula Carvalho, que lembrou que o pai \u00e9 o ator mais velho em atividade em todo o mundo.&#13;\n<\/p>\n<p>&#13;<br \/>\nA filha do ator n\u00e3o precisou a localidade nem o estabelecimento hospitalar onde o pai se encontra internado por motivos de &#8220;preserva\u00e7\u00e3o da intimidade&#8221;, acrescentando que &#8220;todas e quaisquer informa\u00e7\u00f5es sobre o estado de sa\u00fade&#8221; ser\u00e1 ela a fornec\u00ea-las.&#13;\n<\/p>\n<p>&#13;<br \/>\nO internamento do ator obrigou ao cancelamento dos espet\u00e1culos da pe\u00e7a que protagoniza no Centro Cultural Malaposta, em Olival Basto (Odivelas), &#8220;A ratoeira&#8221;, uma das hist\u00f3rias que especialistas de literatura consideram &#8220;das mais incr\u00edveis&#8221; de Agatha Christie, em cena h\u00e1 mais de 70 anos e que tem batido recordes de bilheteira por todo o mundo, estando registada no Guinness Book of Records, como a pe\u00e7a em cena h\u00e1 mais anos.&#13;\n<\/p>\n<p>&#13;<br \/>\n\u00c9 a segunda vez que o ator protagoniza esta hist\u00f3ria, embora interpretando personagens diferentes. Na primeira vez que subiu ao palco com &#8220;A ratoeira&#8221;, nos anos 1960, Ruy de Carvalho fazia par com a atriz Maria Dulce. Armando Cortez, Jo\u00e3o Villaret, Rog\u00e9rio Paulo e Lili Neves (ainda viva e residente na Casa do Artista) foram, entre outros, os atores com quem contracenou na altura. &#13;\n<\/p>\n<p>&#13;<br \/>\nNesta segunda ingress\u00e3o no texto de Agatha Christie, Ruy de Carvalho \u00e9 encenado por Paulo Sousa Costa, numa produ\u00e7\u00e3o da Yelolowstar estreada em 2020 e em que o protagonista de &#8220;Rei Lear&#8221; contracenava com o neto Henrique de Carvalho.&#13;\n<\/p>\n<p>&#13;<br \/>\nInterrompidas as representa\u00e7\u00f5es devido \u00e0 pandemia de covid-19, a pe\u00e7a tem estado em cena desde ent\u00e3o, com digress\u00e3o por v\u00e1rias localidades portuguesas, Madeira e A\u00e7ores e salas quase sempre esgotadas.&#13;\n<\/p>\n<p>&#13;<br \/>\nA interpretar &#8220;A ratoira&#8221; est\u00e3o tamb\u00e9m Elsa Galv\u00e3o, Jo\u00e3o Baptista, Jo\u00e3o Vilas, Lu\u00eds Pacheco, Sara Cec\u00edlia, S\u00e9rgio Moura Afonso e Sofia de Portugal.&#13;\n<\/p>\n<p>&#13;<br \/>\nRui Alberto Rebelo Pires de Carvalho, mais conhecido por Ruy de Carvalho, nasceu em 1 de mar\u00e7o de 1927, em Lisboa, tem uma carreira de 83 anos num percurso que congrega teatro, cinema, r\u00e1dio, televis\u00e3o.&#13;\n<\/p>\n<p>&#13;<br \/>\nRuy de Carvalho iniciou-se no teatro, como amador, aos 15 anos, na pe\u00e7a &#8220;O Jogo para o Natal de Cristo&#8221;, de Luiz Francisco Rebello, estreada no Teatro da Trindade, em Lisboa, pelo ent\u00e3o grupo de Teatro da Mocidade Portuguesa, dirigido por Francisco Ribeiro, mais conhecido por Ribeirinho.&#13;\n<\/p>\n<p>&#13;<br \/>\nA primeira vez que o ator representou data de julho de 1936, com nove anos, no Teatro Municipal da Covilh\u00e3.&#13;\n<\/p>\n<p>&#13;<br \/>\nEm 28 de fevereiro de 2023, em v\u00e9speras da estreia da pe\u00e7a &#8220;Ruy, a hist\u00f3ria devida&#8221;, numa entrevista \u00e0 Lusa realizada no audit\u00f3rio do Taguspark, em Oeiras, o ator confessara que vai continuar a trabalhar e s\u00f3 para &#8220;quando morrer&#8221;.&#13;\n<\/p>\n<p>&#13;<br \/>\n&#8220;S\u00f3 quando morrer \u00e9 que paro, e isso leva um segundo&#8221;, disse, na altura, Ruy de Carvalho, assegurando que s\u00f3 ent\u00e3o &#8220;a menina vigia&#8221; se &#8220;ir\u00e1 embora&#8221; de si.&#13;\n<\/p>\n<p>&#13;<br \/>\nc\/ Lusa&#13;<\/p>\n","protected":false},"excerpt":{"rendered":"&#13; A indica\u00e7\u00e3o foi dada pela filha do ator, Paula Carvalho, que lembrou que o pai \u00e9 o&hellip;\n","protected":false},"author":2,"featured_media":206586,"comment_status":"","ping_status":"","sticky":false,"template":"","format":"standard","meta":{"footnotes":""},"categories":[85],"tags":[1244,470,114,115,32,33,33923,2387],"class_list":{"0":"post-206585","1":"post","2":"type-post","3":"status-publish","4":"format-standard","5":"has-post-thumbnail","7":"category-entretenimento","8":"tag-ator","9":"tag-cinema","10":"tag-entertainment","11":"tag-entretenimento","12":"tag-portugal","13":"tag-pt","14":"tag-ruy-de-carvalho","15":"tag-teatro"},"share_on_mastodon":{"url":"https:\/\/pubeurope.com\/@pt\/115803826698585995","error":""},"_links":{"self":[{"href":"https:\/\/www.europesays.com\/pt\/wp-json\/wp\/v2\/posts\/206585","targetHints":{"allow":["GET"]}}],"collection":[{"href":"https:\/\/www.europesays.com\/pt\/wp-json\/wp\/v2\/posts"}],"about":[{"href":"https:\/\/www.europesays.com\/pt\/wp-json\/wp\/v2\/types\/post"}],"author":[{"embeddable":true,"href":"https:\/\/www.europesays.com\/pt\/wp-json\/wp\/v2\/users\/2"}],"replies":[{"embeddable":true,"href":"https:\/\/www.europesays.com\/pt\/wp-json\/wp\/v2\/comments?post=206585"}],"version-history":[{"count":0,"href":"https:\/\/www.europesays.com\/pt\/wp-json\/wp\/v2\/posts\/206585\/revisions"}],"wp:featuredmedia":[{"embeddable":true,"href":"https:\/\/www.europesays.com\/pt\/wp-json\/wp\/v2\/media\/206586"}],"wp:attachment":[{"href":"https:\/\/www.europesays.com\/pt\/wp-json\/wp\/v2\/media?parent=206585"}],"wp:term":[{"taxonomy":"category","embeddable":true,"href":"https:\/\/www.europesays.com\/pt\/wp-json\/wp\/v2\/categories?post=206585"},{"taxonomy":"post_tag","embeddable":true,"href":"https:\/\/www.europesays.com\/pt\/wp-json\/wp\/v2\/tags?post=206585"}],"curies":[{"name":"wp","href":"https:\/\/api.w.org\/{rel}","templated":true}]}}