{"id":20659,"date":"2025-08-08T02:47:36","date_gmt":"2025-08-08T02:47:36","guid":{"rendered":"https:\/\/www.europesays.com\/pt\/20659\/"},"modified":"2025-08-08T02:47:36","modified_gmt":"2025-08-08T02:47:36","slug":"agosto-azul-e-vermelho-cldf-conscientiza-sobre-trombose-e-outras-doencas-vasculares","status":"publish","type":"post","link":"https:\/\/www.europesays.com\/pt\/20659\/","title":{"rendered":"Agosto Azul e Vermelho: CLDF conscientiza sobre trombose e outras doen\u00e7as vasculares"},"content":{"rendered":"<p> Agosto Azul e Vermelho: CLDF conscientiza sobre trombose e outras doen\u00e7as vasculares Problemas nos vasos e art\u00e9rias \u2014 como AVC, trombose e embolia pulmonar \u2014 est\u00e3o entre as principais causas de morte em todo o mundo. Nesta quinta-feira (7), a C\u00e2mara Legislativa promoveu sess\u00e3o solene dedicada ao M\u00eas de Conscientiza\u00e7\u00e3o sobre a Sa\u00fade Vascular <\/p>\n<p class=\"subtitle text-right credito mt-0 mb-2\">Foto: Rinaldo Morelli\/Ag\u00eancia CLDF<\/p>\n<p>  <img decoding=\"async\" alt=\"\" data-fileentryid=\"34015235\" src=\"https:\/\/www.europesays.com\/pt\/wp-content\/uploads\/2025\/08\/0391a2c5-1d74-a998-5488-644a06a17687\" class=\"aspect-ratio-item-fluid\"\/>  <\/p>\n<p class=\"subtitle text-left\">Autor da solenidade, o deputado Jorge Vianna, destacou a import\u00e2ncia de se evitar fatores de risco como tabagismo, estresse, obesidade e sedentarismo<\/p>\n<p>\u201cDoen\u00e7as cardiovasculares s\u00e3o a maior causa de morte no Brasil e no mundo, superando o c\u00e2ncer, os acidentes de tr\u00e2nsito e a viol\u00eancia urbana\u201d, alertou o deputado Jorge Vianna (PSD), durante sess\u00e3o solene realizada nesta quinta-feira (7) na C\u00e2mara Legislativa do Distrito Federal. O evento fez parte da campanha Agosto Azul e Vermelho, inclu\u00edda no calend\u00e1rio do DF pela <a href=\"https:\/\/ple.cl.df.gov.br\/#\/norma\/consultar\/37871?buscar=true\" rel=\"nofollow noopener\" target=\"_blank\">Lei 7.579\/2024<\/a>. De autoria do deputado Vianna, a legisla\u00e7\u00e3o foi desenvolvida em conjunto com a Sociedade Brasileira de Angiologia e de Cirurgia Vascular (SBACV) \u2013 Regional DF, com o prop\u00f3sito de criar o M\u00eas de Conscientiza\u00e7\u00e3o sobre a Sa\u00fade Vascular.\u00a0<\/p>\n<p>O distrital destacou a import\u00e2ncia de evitar fatores de risco como tabagismo, estresse, obesidade e sedentarismo. Para a\u00a0cirurgi\u00e3 vascular Bruna St\u00e9fany Teles, prevenir trombose [forma\u00e7\u00e3o de co\u00e1gulos que prejudicam o fluxo sangu\u00edneo] n\u00e3o \u00e9 apenas uma quest\u00e3o cl\u00ednica, mas um problema de sa\u00fade p\u00fablica.<br \/>\u00a0<\/p>\n<p>  <img loading=\"lazy\" decoding=\"async\" alt=\"\" height=\"500\" src=\"https:\/\/www.europesays.com\/pt\/wp-content\/uploads\/2025\/08\/246b5a65-dd88-1286-d552-8cfc7797a18a\" style=\"margin: 0px;\" width=\"750\"\/> Cirurgi\u00e3 vascular Bruna St\u00e9fany Teles (Foto: Rinaldo Morelli\/CLDF)   <\/p>\n<p>\u201cBasta lembrar que uma a cada quatro mortes no mundo est\u00e1 relacionada \u00e0 trombose direta ou indiretamente\u201d, citou. \u201cA campanha Azul e Vermelho vai muito al\u00e9m das cores. Ela \u00e9 um alerta sobre um inimigo invis\u00edvel: a trombose venosa profunda, que pode evoluir para uma embolia pulmonar, e \u00e9 uma das principais causas evit\u00e1veis de morte\u201d, afirmou.<\/p>\n<p><strong>Cuidados em viagens longas e no tempo seco<\/strong><\/p>\n<p>Teles fez um alerta sobre ficar sentado durante longos per\u00edodos, em especial durante voos internacionais. Ela considera, inclusive, que as companhias a\u00e9reas deveriam orientar os passageiros a fazerem exerc\u00edcios com os p\u00e9s e a se levantarem pelo menos um pouco durante viagens \u00e1reas, principalmente nos trajetos acima de quatro horas.<br \/>\u00a0<\/p>\n<p>  <img loading=\"lazy\" decoding=\"async\" alt=\"\" height=\"500\" src=\"https:\/\/www.europesays.com\/pt\/wp-content\/uploads\/2025\/08\/42dd2d8c-a044-2068-9a40-3b9ca7cca973\" style=\"margin: 0px;\" width=\"750\"\/> Thiago Campos, presidente da regional DF da Sociedade Brasileira de Angiologia e de Cirurgia Vascular (Rinaldo Morelli\/CLDF   <\/p>\n<p>\u201cE a trombose no avi\u00e3o n\u00e3o \u00e9 somente pela quest\u00e3o da imobilidade. Tem a desidrata\u00e7\u00e3o tamb\u00e9m\u201c, completou o cirurgi\u00e3o vascular Thiago Campos, atual presidente da regional DF da SBACV. Os passageiros tendem a beber pouca \u00e1gua durante as viagens. E o cuidado com a hidrata\u00e7\u00e3o tamb\u00e9m deve ser observado em terra firme. \u201cEm agosto, temos uma peculiaridade em Bras\u00edlia por conta do per\u00edodo de seca. \u00c9 impressionante o aumento do \u00edndice de trombose. O paciente desidrata\u201d, ressaltou Campos.<\/p>\n<p>A sess\u00e3o solene completa pode ser assistida no canal do <a href=\"https:\/\/www.youtube.com\/watch?v=dluwvBbiWMc\" rel=\"nofollow noopener\" target=\"_blank\">Youtube da TV C\u00e2mara Distrital<\/a>.\u00a0<br \/>\u00a0<\/p>\n<p>\u00a0<\/p>\n<p>\u00a0<\/p>\n","protected":false},"excerpt":{"rendered":"Agosto Azul e Vermelho: CLDF conscientiza sobre trombose e outras doen\u00e7as vasculares Problemas nos vasos e art\u00e9rias \u2014&hellip;\n","protected":false},"author":2,"featured_media":20660,"comment_status":"","ping_status":"","sticky":false,"template":"","format":"standard","meta":{"footnotes":""},"categories":[86],"tags":[1661,116,7571,32,33,117],"class_list":{"0":"post-20659","1":"post","2":"type-post","3":"status-publish","4":"format-standard","5":"has-post-thumbnail","7":"category-saude","8":"tag-destaque","9":"tag-health","10":"tag-jorge-vianna","11":"tag-portugal","12":"tag-pt","13":"tag-saude"},"share_on_mastodon":{"url":"","error":""},"_links":{"self":[{"href":"https:\/\/www.europesays.com\/pt\/wp-json\/wp\/v2\/posts\/20659","targetHints":{"allow":["GET"]}}],"collection":[{"href":"https:\/\/www.europesays.com\/pt\/wp-json\/wp\/v2\/posts"}],"about":[{"href":"https:\/\/www.europesays.com\/pt\/wp-json\/wp\/v2\/types\/post"}],"author":[{"embeddable":true,"href":"https:\/\/www.europesays.com\/pt\/wp-json\/wp\/v2\/users\/2"}],"replies":[{"embeddable":true,"href":"https:\/\/www.europesays.com\/pt\/wp-json\/wp\/v2\/comments?post=20659"}],"version-history":[{"count":0,"href":"https:\/\/www.europesays.com\/pt\/wp-json\/wp\/v2\/posts\/20659\/revisions"}],"wp:featuredmedia":[{"embeddable":true,"href":"https:\/\/www.europesays.com\/pt\/wp-json\/wp\/v2\/media\/20660"}],"wp:attachment":[{"href":"https:\/\/www.europesays.com\/pt\/wp-json\/wp\/v2\/media?parent=20659"}],"wp:term":[{"taxonomy":"category","embeddable":true,"href":"https:\/\/www.europesays.com\/pt\/wp-json\/wp\/v2\/categories?post=20659"},{"taxonomy":"post_tag","embeddable":true,"href":"https:\/\/www.europesays.com\/pt\/wp-json\/wp\/v2\/tags?post=20659"}],"curies":[{"name":"wp","href":"https:\/\/api.w.org\/{rel}","templated":true}]}}