{"id":206592,"date":"2025-12-29T16:39:09","date_gmt":"2025-12-29T16:39:09","guid":{"rendered":"https:\/\/www.europesays.com\/pt\/206592\/"},"modified":"2025-12-29T16:39:09","modified_gmt":"2025-12-29T16:39:09","slug":"12-anos-depois-o-que-se-sabe-de-schumacher-ainda-e-o-mesmo-observador","status":"publish","type":"post","link":"https:\/\/www.europesays.com\/pt\/206592\/","title":{"rendered":"12 anos depois, o que se sabe de Schumacher ainda \u00e9 o mesmo \u2013 Observador"},"content":{"rendered":"<p>Passaram 12 anos desde o dia em que as not\u00edcias n\u00e3o fizeram sentido e o protagonista era o mais inesperado de todos. H\u00e1 12 anos, a 29 de dezembro de 2013, Michael Schumacher sofreu um tr\u00e1gico acidente de esqui em M\u00e9ribel, nos Alpes Franceses, e <strong>deixou o mundo em suspenso.<\/strong> Mais de uma d\u00e9cada depois, o que se sabe continua a ser muito pouco ou praticamente nada.<\/p>\n<p>Na verdade, as principais informa\u00e7\u00f5es sobre o estado de sa\u00fade de Michael Schumacher surgiram logo nos dias seguintes ao acidente. O piloto de F\u00f3rmula 1 sofreu um traumatismo cranioencef\u00e1lico, foi operado tr\u00eas dias depois em Grenoble e, a 2 de janeiro de 2014, o respons\u00e1vel pela comunica\u00e7\u00e3o da fam\u00edlia<strong> explicou \u00e0 porta do hospital que n\u00e3o voltaria a revelar informa\u00e7\u00f5es.<\/strong> Em julho, a fam\u00edlia limitou-se a revelar que o alem\u00e3o j\u00e1 n\u00e3o estava em coma e tinha sa\u00eddo do hospital para regressar a casa, em Lausanne, ficando ao cuidado de uma aut\u00eantica unidade de sa\u00fade que entretanto tinha sido constru\u00edda na propriedade junto ao lago L\u00e9man.<\/p>\n<blockquote class=\"wp-embedded-content\" data-secret=\"PyV3F8UOKi\">\n<p><a href=\"https:\/\/observador.pt\/especiais\/o-filho-chegou-a-f1-hamilton-igualou-o-recorde-so-os-amigos-proximos-voltaram-a-ve-lo-dez-anos-depois-o-que-se-sabe-sobre-schumacher\/\" rel=\"nofollow noopener\" target=\"_blank\">O filho chegou \u00e0 F1, Hamilton igualou o recorde, s\u00f3 os amigos pr\u00f3ximos voltaram a v\u00ea-lo: dez anos depois, o que se sabe sobre Schumacher?<\/a><\/p>\n<\/blockquote>\n<p>Desde a\u00ed, praticamente sem not\u00edcias oficiais e apenas com as declara\u00e7\u00f5es mais curtas, mas sentimentais, da mulher Corinna e do filho Mick, sobram as pistas deixadas pelos poucos que est\u00e3o autorizados a visit\u00e1-lo: Ross Brawn, que foi engenheiro de Michael Schumacher na Benneton e na Ferrari, Jean Todt, que foi seu team principal na Ferrari, Bernie Ecclestone e tamb\u00e9m Gerhard Berger. De todos, <strong>Todt tem sido o verdadeiro ve\u00edculo de informa\u00e7\u00e3o,<\/strong> garantindo h\u00e1 alguns anos que v\u00ea corridas de F\u00f3rmula 1 com o alem\u00e3o e revelando at\u00e9 que este chora, por vezes.<\/p>\n<p>\u201cO Michael est\u00e1 c\u00e1, por isso n\u00e3o sinto a falta dele. Simplesmente j\u00e1 n\u00e3o \u00e9 o Michael que costumava ser. \u00c9 diferente e \u00e9 guiado de forma maravilhosa pela mulher e pelos filhos, que o protegem. A vida agora \u00e9 diferente e tenho o privil\u00e9gio de partilhar momentos com ele. \u00c9 tudo o que tenho a dizer. Infelizmente, o destino atingiu-o h\u00e1 10 anos.<strong> J\u00e1 n\u00e3o \u00e9 o Michael que conhec\u00edamos na F\u00f3rmula 1\u2033,<\/strong> contou o antigo presidente da FIA numa entrevista recente ao jornal L\u2019\u00c9quipe.<\/p>\n<p>Do outro lado da barricada, na lista dos que n\u00e3o est\u00e3o autorizados a visitar o antigo piloto, est\u00e1 Richard Hopkins, ex-diretor da McLaren que nunca coincidiu com Schumacher na mesma equipa mas que sempre manteve uma boa rela\u00e7\u00e3o com o alem\u00e3o. Numa entrevista \u00e0 Sportbible h\u00e1 poucos dias, o brit\u00e2nico revelou que <strong>nem sequer tem tido not\u00edcias ultimamente<\/strong> e que todos os que podem visitar a mans\u00e3o de Lausanne nada partilham.<\/p>\n<blockquote class=\"wp-embedded-content\" data-secret=\"XXZj1hecIn\">\n<p><a href=\"https:\/\/observador.pt\/2023\/12\/18\/o-michael-esta-ca-simplesmente-ja-nao-e-o-michael-que-costumava-ser-jean-todt-volta-a-falar-sobre-schumacher\/\" rel=\"nofollow noopener\" target=\"_blank\">\u201cO Michael est\u00e1 c\u00e1. Simplesmente j\u00e1 n\u00e3o \u00e9 o Michael que costumava ser.\u201d Jean Todt volta a falar sobre Schumacher<\/a><\/p>\n<\/blockquote>\n<p>\u201cAcho que n\u00e3o voltaremos a ver o Michael. Sinto-me um pouco mal por falar da condi\u00e7\u00e3o dele, devido a todo o secretismo que a fam\u00edlia, pelas raz\u00f5es corretas, quer manter. N\u00e3o posso dizer que seja o melhor amigo do Jean Todt, do Ross ou do Gerhard. E acho que mesmo se fosse e lhes perguntasse como \u00e9 que ele est\u00e1, mesmo se oferecesse um bom vinho tinto, nenhum iria abrir-se e partilhar alguma coisa. <strong>Acho que existe esse respeito. \u00c9 isso que a fam\u00edlia quer.<\/strong> Acho que \u00e9 justo\u201d, explicou.<\/p>\n<p>Depois, numa esp\u00e9cie de zona cinzenta, existem os amigos que at\u00e9 est\u00e3o autorizados a visitar Michael Schumacher, mas que preferem n\u00e3o o fazer. \u201cSe fechar os olhos ainda o vejo a sorrir depois de uma vit\u00f3ria. <strong>Prefiro record\u00e1-lo assim do que simplesmente deitado numa cama.<\/strong> No entanto, falo com a Corinna frequentemente\u201d, contou Flavio Briatore, que recrutou o alem\u00e3o para a Benetton, numa entrevista ao jornal Corriere della Sera j\u00e1 este ano.<\/p>\n<p>Nos \u00faltimos anos, por\u00e9m, t\u00eam surgido algumas certezas quanto ao estado de sa\u00fade de Michael Schumacher. Mesmo estando \u201cest\u00e1vel\u201d, palavra utilizada frequentemente pela fam\u00edlia, o mais prov\u00e1vel \u00e9 que o alem\u00e3o <strong>n\u00e3o consiga andar, falar ou movimentar-se, comunicando apenas atrav\u00e9s dos olhos.<\/strong> No ano passado, a filha Gina-Maria casou em Maiorca, na Villa Yasmin de 50 mil metros quadrados comprada a Florentino P\u00e9rez por cerca de 33 milh\u00f5es de euros, e foram v\u00e1rios os especialistas a garantir que, ao contr\u00e1rio do que dizia a comunica\u00e7\u00e3o social alem\u00e3, era quase imposs\u00edvel que o piloto estivesse presente na cerim\u00f3nia.<\/p>\n<blockquote class=\"wp-embedded-content\" data-secret=\"ugMtb1PyLs\">\n<p><a href=\"https:\/\/observador.pt\/2024\/10\/08\/pode-schumacher-ter-ido-ao-casamento-da-filha-jornal-garante-que-sim-neurocirurgiao-diz-que-e-quase-impossivel\/\" rel=\"nofollow noopener\" target=\"_blank\">Pode Schumacher ter ido ao casamento da filha? Jornal garante que sim, neurocirurgi\u00e3o diz que \u00e9 quase imposs\u00edvel<\/a><\/p>\n<\/blockquote>\n<p>\u201cEle construiu um hospital em casa, com todos os cuidados m\u00e9dicos \u00e0 sua volta, o que \u00e9 sinal de que estar\u00e1 deitado na maior parte do tempo. Baseando-me na informa\u00e7\u00e3o dispon\u00edvel, n\u00e3o creio que leve uma vida muito ativa, tudo aponta para que esteja mal. Como paciente na cama, a maioria das pessoas ficam fr\u00e1geis e r\u00edgidas e depois n\u00e3o \u00e9 poss\u00edvel tir\u00e1-las da cama tantos anos depois. <strong>Tudo sugere que provavelmente esteve na mesma condi\u00e7\u00e3o na \u00faltima d\u00e9cada, duvido que algo tenha mudado nesta etapa.<\/strong> H\u00e1 v\u00e1rias sequelas a n\u00edvel de danos cerebrais. Por exemplo, a les\u00e3o pode fazer com que o paciente n\u00e3o consiga falar com mais ningu\u00e9m a n\u00e3o ser a fam\u00edlia pr\u00f3xima e que s\u00f3 a mesma consiga estimular que o fa\u00e7a\u201d, indicou Jussi Posti, que lidera o Departamento de Neurocirurgia do Hospital Universit\u00e1rio de Turku, na Finl\u00e2ndia.<\/p>\n<p>Certo \u00e9 que, com 56 anos e 12 depois do acidente que lhe travou a vida para sempre, Michael Schumacher continua a ser uma figura presente na F\u00f3rmula 1. Para al\u00e9m de ainda ser o recordista de vit\u00f3rias no Campeonato do Mundo, agora igualado com Lewis Hamilton com sete, <strong>as iniciais \u201cMS\u201d surgiram recentemente num capacete que Jackie Stewart leiloou<\/strong> no \u00faltimo Grande Pr\u00e9mio do Bahrain para angariar fundos para a investiga\u00e7\u00e3o da dem\u00eancia. Na altura, o antigo piloto brit\u00e2nico revelou que Schumacher conseguiu assinar com a ajuda da mulher, Corinna.<\/p>\n<blockquote class=\"wp-embedded-content\" data-secret=\"Pb1QJq3gpk\">\n<p><a href=\"https:\/\/observador.pt\/2025\/11\/24\/rezo-para-que-exista-cura-para-a-demencia-enquanto-for-vivo-a-corrida-mais-importante-da-vida-de-jackie-stewart\/\" rel=\"nofollow noopener\" target=\"_blank\">\u201cRezo para que exista cura para a dem\u00eancia enquanto for vivo.\u201d A corrida mais importante da vida de Jackie Stewart<\/a><\/p>\n<\/blockquote>\n","protected":false},"excerpt":{"rendered":"Passaram 12 anos desde o dia em que as not\u00edcias n\u00e3o fizeram sentido e o protagonista era o&hellip;\n","protected":false},"author":2,"featured_media":206593,"comment_status":"","ping_status":"","sticky":false,"template":"","format":"standard","meta":{"footnotes":""},"categories":[8],"tags":[5968,27,28,135,15,16,6388,14,25,26,21,22,24681,12,13,19,20,32,23,24,33,17,18,29,30,31],"class_list":{"0":"post-206592","1":"post","2":"type-post","3":"status-publish","4":"format-standard","5":"has-post-thumbnail","7":"category-principais-noticias","8":"tag-automobilismo","9":"tag-breaking-news","10":"tag-breakingnews","11":"tag-desporto","12":"tag-featured-news","13":"tag-featurednews","14":"tag-fu00f3rmula-1","15":"tag-headlines","16":"tag-latest-news","17":"tag-latestnews","18":"tag-main-news","19":"tag-mainnews","20":"tag-michael-schumacher","21":"tag-news","22":"tag-noticias","23":"tag-noticias-principais","24":"tag-noticiasprincipais","25":"tag-portugal","26":"tag-principais-noticias","27":"tag-principaisnoticias","28":"tag-pt","29":"tag-top-stories","30":"tag-topstories","31":"tag-ultimas","32":"tag-ultimas-noticias","33":"tag-ultimasnoticias"},"share_on_mastodon":{"url":"https:\/\/pubeurope.com\/@pt\/115803846413407048","error":""},"_links":{"self":[{"href":"https:\/\/www.europesays.com\/pt\/wp-json\/wp\/v2\/posts\/206592","targetHints":{"allow":["GET"]}}],"collection":[{"href":"https:\/\/www.europesays.com\/pt\/wp-json\/wp\/v2\/posts"}],"about":[{"href":"https:\/\/www.europesays.com\/pt\/wp-json\/wp\/v2\/types\/post"}],"author":[{"embeddable":true,"href":"https:\/\/www.europesays.com\/pt\/wp-json\/wp\/v2\/users\/2"}],"replies":[{"embeddable":true,"href":"https:\/\/www.europesays.com\/pt\/wp-json\/wp\/v2\/comments?post=206592"}],"version-history":[{"count":0,"href":"https:\/\/www.europesays.com\/pt\/wp-json\/wp\/v2\/posts\/206592\/revisions"}],"wp:featuredmedia":[{"embeddable":true,"href":"https:\/\/www.europesays.com\/pt\/wp-json\/wp\/v2\/media\/206593"}],"wp:attachment":[{"href":"https:\/\/www.europesays.com\/pt\/wp-json\/wp\/v2\/media?parent=206592"}],"wp:term":[{"taxonomy":"category","embeddable":true,"href":"https:\/\/www.europesays.com\/pt\/wp-json\/wp\/v2\/categories?post=206592"},{"taxonomy":"post_tag","embeddable":true,"href":"https:\/\/www.europesays.com\/pt\/wp-json\/wp\/v2\/tags?post=206592"}],"curies":[{"name":"wp","href":"https:\/\/api.w.org\/{rel}","templated":true}]}}