{"id":206610,"date":"2025-12-29T16:52:19","date_gmt":"2025-12-29T16:52:19","guid":{"rendered":"https:\/\/www.europesays.com\/pt\/206610\/"},"modified":"2025-12-29T16:52:19","modified_gmt":"2025-12-29T16:52:19","slug":"pj-participou-em-operacao-da-interpol-com-85-detidos-internacionalmente","status":"publish","type":"post","link":"https:\/\/www.europesays.com\/pt\/206610\/","title":{"rendered":"PJ participou em opera\u00e7\u00e3o da Interpol com 85 detidos internacionalmente"},"content":{"rendered":"<p>                A Pol\u00edcia Judici\u00e1ria participou, nos \u00faltimos seis meses, numa opera\u00e7\u00e3o internacional de captura de fugitivos coordenada pela Interpol na Am\u00e9rica Latina, Cara\u00edbas e Europa que resultou na deten\u00e7\u00e3o de 85 pessoas procuradas internacionalmente. No territ\u00f3rio portugu\u00eas foi detido pela PJ um cidad\u00e3o brasileiro.<\/p>\n<p>Entre os detidos em v\u00e1rios pa\u00edses, <b>19 eram procurados por homic\u00eddio, 29 por tr\u00e1fico de droga, 28 por crimes sexuais contra crian\u00e7as e sete por viola\u00e7\u00e3o<\/b>, refere a Judici\u00e1ria em comunicado divulgado esta segunda-feira.<\/p>\n<p>\u201cOs restantes foram detidos por tr\u00e1fico de seres humanos, branqueamento de capitais e crimes associados a organiza\u00e7\u00f5es criminosas\u201d, adianta.<\/p>\n<p>Em Portugal, <b>a PJ deteve um cidad\u00e3o brasileiro suspeito de pertencer ao grupo criminoso organizado Primeiro Comando da Capital (PCC)<\/b>, \u201cdesmantelando, assim, um importante corredor de tr\u00e1fico de coca\u00edna entre a cidade de S\u00e3o Paulo e o continente europeu\u201d.<\/p>\n<p>A opera\u00e7\u00e3o decorreu entre junho e novembro deste ano e reuniu investigadores de 17 pa\u00edses, permitindo a partilha de informa\u00e7\u00e3o em tempo real.<\/p>\n<p>\u201cA opera\u00e7\u00e3o foi realizada no \u00e2mbito do apoio da Interpol ao El Paccto 2.0, uma iniciativa que visa estabelecer uma rede internacional permanente de investigadores de fugitivos, bem como realizar investiga\u00e7\u00f5es conjuntas atrav\u00e9s da coopera\u00e7\u00e3o policial inter-regional e do interc\u00e2mbio de informa\u00e7\u00e3o sobre alguns dos criminosos mais procurados do mundo\u201d, explica a PJ no comunicado.&#13;\n            <\/p>\n","protected":false},"excerpt":{"rendered":"A Pol\u00edcia Judici\u00e1ria participou, nos \u00faltimos seis meses, numa opera\u00e7\u00e3o internacional de captura de fugitivos coordenada pela Interpol&hellip;\n","protected":false},"author":2,"featured_media":206611,"comment_status":"","ping_status":"","sticky":false,"template":"","format":"standard","meta":{"footnotes":""},"categories":[10],"tags":[1028,27,28,9109,445,15,16,14,40721,25,26,21,22,12,13,19,20,4107,2445,32,23,24,33,17,18,29,30,31],"class_list":{"0":"post-206610","1":"post","2":"type-post","3":"status-publish","4":"format-standard","5":"has-post-thumbnail","7":"category-portugal","8":"tag-america-latina","9":"tag-breaking-news","10":"tag-breakingnews","11":"tag-caraibas","12":"tag-europa","13":"tag-featured-news","14":"tag-featurednews","15":"tag-headlines","16":"tag-interpol","17":"tag-latest-news","18":"tag-latestnews","19":"tag-main-news","20":"tag-mainnews","21":"tag-news","22":"tag-noticias","23":"tag-noticias-principais","24":"tag-noticiasprincipais","25":"tag-pj","26":"tag-policia-judiciaria","27":"tag-portugal","28":"tag-principais-noticias","29":"tag-principaisnoticias","30":"tag-pt","31":"tag-top-stories","32":"tag-topstories","33":"tag-ultimas","34":"tag-ultimas-noticias","35":"tag-ultimasnoticias"},"share_on_mastodon":{"url":"https:\/\/pubeurope.com\/@pt\/115803897465198971","error":""},"_links":{"self":[{"href":"https:\/\/www.europesays.com\/pt\/wp-json\/wp\/v2\/posts\/206610","targetHints":{"allow":["GET"]}}],"collection":[{"href":"https:\/\/www.europesays.com\/pt\/wp-json\/wp\/v2\/posts"}],"about":[{"href":"https:\/\/www.europesays.com\/pt\/wp-json\/wp\/v2\/types\/post"}],"author":[{"embeddable":true,"href":"https:\/\/www.europesays.com\/pt\/wp-json\/wp\/v2\/users\/2"}],"replies":[{"embeddable":true,"href":"https:\/\/www.europesays.com\/pt\/wp-json\/wp\/v2\/comments?post=206610"}],"version-history":[{"count":0,"href":"https:\/\/www.europesays.com\/pt\/wp-json\/wp\/v2\/posts\/206610\/revisions"}],"wp:featuredmedia":[{"embeddable":true,"href":"https:\/\/www.europesays.com\/pt\/wp-json\/wp\/v2\/media\/206611"}],"wp:attachment":[{"href":"https:\/\/www.europesays.com\/pt\/wp-json\/wp\/v2\/media?parent=206610"}],"wp:term":[{"taxonomy":"category","embeddable":true,"href":"https:\/\/www.europesays.com\/pt\/wp-json\/wp\/v2\/categories?post=206610"},{"taxonomy":"post_tag","embeddable":true,"href":"https:\/\/www.europesays.com\/pt\/wp-json\/wp\/v2\/tags?post=206610"}],"curies":[{"name":"wp","href":"https:\/\/api.w.org\/{rel}","templated":true}]}}