{"id":206620,"date":"2025-12-29T16:59:08","date_gmt":"2025-12-29T16:59:08","guid":{"rendered":"https:\/\/www.europesays.com\/pt\/206620\/"},"modified":"2025-12-29T16:59:08","modified_gmt":"2025-12-29T16:59:08","slug":"batman-veja-o-visual-completo-da-absolute-hera-venenosa","status":"publish","type":"post","link":"https:\/\/www.europesays.com\/pt\/206620\/","title":{"rendered":"Batman: Veja o visual completo da Absolute Hera Venenosa"},"content":{"rendered":"<p class=\"wp-block-yoast-seo-estimated-reading-time yoast-reading-time__wrapper\">Estimated reading time: 2 minutos<\/p>\n<p>Em breve, uma nova vers\u00e3o da\u00a0<a href=\"https:\/\/ovicio.com.br\/tag\/Hera-Venenosa\/\" target=\"_blank\" rel=\"noreferrer noopener nofollow\">Hera Venenosa<\/a>\u00a0ser\u00e1 apresentada em\u00a0<a href=\"https:\/\/ovicio.com.br\/tag\/Absolute-Batman\/\" target=\"_blank\" rel=\"noreferrer noopener nofollow\">Absolute Batman<\/a>, e agora sabemos como ela vai se parecer.<\/p>\n<p>O artista <strong>Bj\u00f6rn Barends<\/strong> revelou o visual completo da nova itera\u00e7\u00e3o da vil\u00e3, compartilhando sua capa variante para a edi\u00e7\u00e3o #17 de<strong> Absolute Batman<\/strong>. Veja:<\/p>\n<p><img fetchpriority=\"high\" decoding=\"async\" width=\"740\" height=\"1024\" src=\"https:\/\/www.europesays.com\/pt\/wp-content\/uploads\/2025\/12\/20251229-image-740x1024.png\" alt=\"\" class=\"lazyload wp-image-883541\"  data-\/>Reprodu\u00e7\u00e3o\/DC Comics<\/p>\n<p>A capa de <strong>Bj\u00f6rn <\/strong>ser\u00e1 comercializada exclusivamente na<strong> East Coast Comics<\/strong>.<\/p>\n<p><strong>Absolute Batman #17<\/strong> ser\u00e1 publicada em 11 de fevereiro nos EUA. Por enquanto, n\u00e3o h\u00e1 data para chegada da edi\u00e7\u00e3o ao Brasil.<\/p>\n<p><strong>Scott Snyder\u00a0<\/strong>e\u00a0<strong>Nick Dragotta<\/strong>\u00a0seguem como l\u00edderes criativos da revista.<\/p>\n<p>Leia tamb\u00e9m sobre Absolute Batman:<\/p>\n<p><strong>Fonte: <\/strong><a href=\"https:\/\/www.instagram.com\/p\/DS1TA12iNVr\/?utm_source=ig_web_copy_link&amp;igsh=NTc4MTIwNjQ2YQ==\" target=\"_blank\" rel=\"noreferrer noopener nofollow\">Instagram<\/a><\/p>\n<p><script async src=\"\/\/www.instagram.com\/embed.js\"><\/script><\/p>\n","protected":false},"excerpt":{"rendered":"Estimated reading time: 2 minutos Em breve, uma nova vers\u00e3o da\u00a0Hera Venenosa\u00a0ser\u00e1 apresentada em\u00a0Absolute Batman, e agora sabemos&hellip;\n","protected":false},"author":2,"featured_media":206621,"comment_status":"","ping_status":"","sticky":false,"template":"","format":"standard","meta":{"footnotes":""},"categories":[140],"tags":[40513,40722,40723,1948,12962,2945,2670,114,115,147,148,38865,146,32,33,40724,38510,40725],"class_list":{"0":"post-206620","1":"post","2":"type-post","3":"status-publish","4":"format-standard","5":"has-post-thumbnail","7":"category-filmes","8":"tag-absolute-batman","9":"tag-absolute-coringa","10":"tag-bane","11":"tag-batman","12":"tag-coringa","13":"tag-dc","14":"tag-dc-comics","15":"tag-entertainment","16":"tag-entretenimento","17":"tag-film","18":"tag-filmes","19":"tag-hera-venenosa","20":"tag-movies","21":"tag-portugal","22":"tag-pt","23":"tag-robin","24":"tag-scott-snyder","25":"tag-universal-absolute"},"share_on_mastodon":{"url":"https:\/\/pubeurope.com\/@pt\/115803925061901200","error":""},"_links":{"self":[{"href":"https:\/\/www.europesays.com\/pt\/wp-json\/wp\/v2\/posts\/206620","targetHints":{"allow":["GET"]}}],"collection":[{"href":"https:\/\/www.europesays.com\/pt\/wp-json\/wp\/v2\/posts"}],"about":[{"href":"https:\/\/www.europesays.com\/pt\/wp-json\/wp\/v2\/types\/post"}],"author":[{"embeddable":true,"href":"https:\/\/www.europesays.com\/pt\/wp-json\/wp\/v2\/users\/2"}],"replies":[{"embeddable":true,"href":"https:\/\/www.europesays.com\/pt\/wp-json\/wp\/v2\/comments?post=206620"}],"version-history":[{"count":0,"href":"https:\/\/www.europesays.com\/pt\/wp-json\/wp\/v2\/posts\/206620\/revisions"}],"wp:featuredmedia":[{"embeddable":true,"href":"https:\/\/www.europesays.com\/pt\/wp-json\/wp\/v2\/media\/206621"}],"wp:attachment":[{"href":"https:\/\/www.europesays.com\/pt\/wp-json\/wp\/v2\/media?parent=206620"}],"wp:term":[{"taxonomy":"category","embeddable":true,"href":"https:\/\/www.europesays.com\/pt\/wp-json\/wp\/v2\/categories?post=206620"},{"taxonomy":"post_tag","embeddable":true,"href":"https:\/\/www.europesays.com\/pt\/wp-json\/wp\/v2\/tags?post=206620"}],"curies":[{"name":"wp","href":"https:\/\/api.w.org\/{rel}","templated":true}]}}