{"id":206625,"date":"2025-12-29T17:02:10","date_gmt":"2025-12-29T17:02:10","guid":{"rendered":"https:\/\/www.europesays.com\/pt\/206625\/"},"modified":"2025-12-29T17:02:10","modified_gmt":"2025-12-29T17:02:10","slug":"tragedia-na-vespera-de-natal-ex-concorrente-em-choque-com-morte-de-familiar-proxima-em-grave-acidente-secret-story","status":"publish","type":"post","link":"https:\/\/www.europesays.com\/pt\/206625\/","title":{"rendered":"Trag\u00e9dia na v\u00e9spera de Natal. ex-concorrente em choque com morte de familiar pr\u00f3xima em grave acidente &#8211; Secret Story"},"content":{"rendered":"<p data-end=\"433\" data-start=\"188\">Catarina Esparteiro recorreu \u00e0s redes sociais para partilhar um momento de profunda dor. A ex-concorrente revelou que a sua tia, irm\u00e3 da m\u00e3e, faleceu num acidente de carro na noite de 23 de dezembro, enquanto regressava do anivers\u00e1rio do neto.<\/p>\n<p data-end=\"712\" data-start=\"435\"><strong>\u201cNo dia 24 de manh\u00e3 recebi a not\u00edcia que a minha tia faleceu na noite de 23 num acidente de carro a sair do anivers\u00e1rio do neto\u201d<\/strong>, escreveu Catarina, explicando que, devido \u00e0 trag\u00e9dia, n\u00e3o conseguiu desejar Feliz Natal a ningu\u00e9m e manteve-se afastada das chamadas e mensagens.<\/p>\n<p data-end=\"949\" data-start=\"714\">A ex-concorrente acrescentou que, apesar da dor, fez um esfor\u00e7o para sair de casa com os mi\u00fados, procurando manter a rotina: \u201cS\u00f3 fui sair ontem com os mi\u00fados porque eles n\u00e3o t\u00eam culpa e vieram passar aqui uns dias\u201d.<\/p>\n<p data-end=\"1183\" data-start=\"951\">Catarina descreveu a tia como uma pessoa cheia de vida, saud\u00e1vel e que merecia o melhor da vida, lamentando a injusti\u00e7a do acidente: <strong>\u201cEra uma pessoa que merecia o melhor desta vida, estava \u00f3tima de sa\u00fade e foi tudo muito injusto\u201d<\/strong>.<\/p>\n<p data-end=\"1440\" data-start=\"1185\">A publica\u00e7\u00e3o termina com uma homenagem e um pedido de for\u00e7a para a m\u00e3e<strong>: \u201cQue a minha tia possa descansar em paz e s\u00f3 pe\u00e7o muita for\u00e7a para a minha m\u00e3e, que adorava e t\u00e3o bem se dava com a irm\u00e3, pois ainda n\u00e3o lhe \u2018caiu a ficha\u2019 e o vel\u00f3rio s\u00f3 \u00e9 amanh\u00e3\u201d.<\/strong><\/p>\n<p data-end=\"1590\" data-start=\"1442\">O relato emotivo da ex-concorrente emocionou seguidores, que se juntaram a ela em mensagens de conforto e solidariedade neste momento t\u00e3o dif\u00edcil.<\/p>\n<p data-end=\"1590\" data-start=\"1442\"><img loading=\"lazy\" decoding=\"async\" alt=\"\" height=\"1778\" src=\"https:\/\/www.europesays.com\/pt\/wp-content\/uploads\/2025\/12\/1767027730_597_1000.webp\" width=\"1000\"\/><\/p>\n","protected":false},"excerpt":{"rendered":"Catarina Esparteiro recorreu \u00e0s redes sociais para partilhar um momento de profunda dor. A ex-concorrente revelou que a&hellip;\n","protected":false},"author":2,"featured_media":206626,"comment_status":"","ping_status":"","sticky":false,"template":"","format":"standard","meta":{"footnotes":""},"categories":[85],"tags":[18706,40726,114,115,18705,32,33,18704],"class_list":{"0":"post-206625","1":"post","2":"type-post","3":"status-publish","4":"format-standard","5":"has-post-thumbnail","7":"category-entretenimento","8":"tag-bastidores-secret-story","9":"tag-catarina-esparteiro","10":"tag-entertainment","11":"tag-entretenimento","12":"tag-entrevistas-concorrentes-tvi","13":"tag-portugal","14":"tag-pt","15":"tag-vida-fora-da-casa"},"share_on_mastodon":{"url":"https:\/\/pubeurope.com\/@pt\/115803936865955152","error":""},"_links":{"self":[{"href":"https:\/\/www.europesays.com\/pt\/wp-json\/wp\/v2\/posts\/206625","targetHints":{"allow":["GET"]}}],"collection":[{"href":"https:\/\/www.europesays.com\/pt\/wp-json\/wp\/v2\/posts"}],"about":[{"href":"https:\/\/www.europesays.com\/pt\/wp-json\/wp\/v2\/types\/post"}],"author":[{"embeddable":true,"href":"https:\/\/www.europesays.com\/pt\/wp-json\/wp\/v2\/users\/2"}],"replies":[{"embeddable":true,"href":"https:\/\/www.europesays.com\/pt\/wp-json\/wp\/v2\/comments?post=206625"}],"version-history":[{"count":0,"href":"https:\/\/www.europesays.com\/pt\/wp-json\/wp\/v2\/posts\/206625\/revisions"}],"wp:featuredmedia":[{"embeddable":true,"href":"https:\/\/www.europesays.com\/pt\/wp-json\/wp\/v2\/media\/206626"}],"wp:attachment":[{"href":"https:\/\/www.europesays.com\/pt\/wp-json\/wp\/v2\/media?parent=206625"}],"wp:term":[{"taxonomy":"category","embeddable":true,"href":"https:\/\/www.europesays.com\/pt\/wp-json\/wp\/v2\/categories?post=206625"},{"taxonomy":"post_tag","embeddable":true,"href":"https:\/\/www.europesays.com\/pt\/wp-json\/wp\/v2\/tags?post=206625"}],"curies":[{"name":"wp","href":"https:\/\/api.w.org\/{rel}","templated":true}]}}