{"id":206627,"date":"2025-12-29T17:03:09","date_gmt":"2025-12-29T17:03:09","guid":{"rendered":"https:\/\/www.europesays.com\/pt\/206627\/"},"modified":"2025-12-29T17:03:09","modified_gmt":"2025-12-29T17:03:09","slug":"playstation-oferece-um-presente-aos-jogadores-da-ps5-por-tempo-limitado","status":"publish","type":"post","link":"https:\/\/www.europesays.com\/pt\/206627\/","title":{"rendered":"PlayStation oferece um presente aos jogadores da PS5 por tempo limitado"},"content":{"rendered":"<p class=\"leading\">\n                O benef\u00edcio pode ser resgatado diretamente na consola.            <\/p>\n<p class=\"article-image center\"><img decoding=\"async\" alt=\"PlayStation oferece um presente gratuito aos jogadores da PS5\" height=\"1080\" src=\"https:\/\/www.europesays.com\/pt\/wp-content\/uploads\/2025\/12\/playstation-oferece-um-presente-gratuito-aos-jogadores-da-ps5.jpg\" width=\"1920\" fetchpriority=\"high\"\/><\/p>\n<p><a href=\"https:\/\/t.me\/descontos4gnews\" rel=\"nofollow\" class=\"banner-deals mb20 banner-deals-rotation banner-deals-rotation--telegram\"><\/p>\n<p>        Entra no nosso canal Telegram<br \/>e recebe as melhores ofertas<\/p>\n<p>        ENTRAR\n    <\/p>\n<p><\/a><\/p>\n<p>A Sony decidiu oferecer a todos os utilizadores da <a href=\"https:\/\/4gnews.pt\/black-friday-da-playstation-store-15-otimos-jogos-de-ps4-e-ps5-por-menos-de-20\/\" rel=\"nofollow noopener\" target=\"_blank\">PlayStation 5<\/a> um presente avaliado em 22 euros. Trata-se de tr\u00eas meses de acesso ao Apple Music, uma oferta v\u00e1lida para todos os propriet\u00e1rios da consola.<\/p>\n<p>Como observa o <a href=\"https:\/\/comicbook.com\/gaming\/news\/sony-gives-ps5-users-30-free-gift\/\" rel=\"nofollow noopener\" target=\"_blank\">ComicBook<\/a>, o melhor de tudo \u00e9 que n\u00e3o \u00e9 necess\u00e1ria uma subscri\u00e7\u00e3o da PlayStation Plus para aproveitar o benef\u00edcio, bastando ter a consola da gera\u00e7\u00e3o atual e uma conta na PSN.<\/p>\n<p>Para ativar o benef\u00edcio, os interessados precisar\u00e3o de abrir a aplica\u00e7\u00e3o Apple Music enquanto usam a consola; caso ainda n\u00e3o a tenham, ser\u00e1 necess\u00e1rio descarreg\u00e1-la e seguir as instru\u00e7\u00f5es no ecr\u00e3.<\/p>\n<p>Quem pode resgatar a oferta<\/p>\n<p>\u00c9 importante ficar atento ao prazo, pois a promo\u00e7\u00e3o estar\u00e1 dispon\u00edvel somente at\u00e9 ao dia 18 de mar\u00e7o de 2026, data em que expira definitivamente. Infelizmente, os utilizadores da PS4 n\u00e3o poder\u00e3o participar, uma vez que a oferta \u00e9 exclusiva para as consolas PlayStation da gera\u00e7\u00e3o atual.<\/p>\n<p>Para quem tem uma conta individual, o servi\u00e7o custa normalmente 7,49 euros por m\u00eas, o que torna esta gratuitidade de tr\u00eas meses uma poupan\u00e7a consider\u00e1vel.<\/p>\n<p>Ao contr\u00e1rio de muitas promo\u00e7\u00f5es que s\u00e3o limitadas apenas a novos utilizadores, esta oferta est\u00e1 dispon\u00edvel n\u00e3o s\u00f3 para novos subscritores, como tamb\u00e9m para subscritores antigos que n\u00e3o tenham uma subscri\u00e7\u00e3o ativa da Apple Music.<\/p>\n<p><a href=\"https:\/\/amzn.to\/44PMy9j\" target=\"_blank\" rel=\"nofollow noreferrer noopener\"><img decoding=\"async\" alt=\"Playstation GOW Hits\" height=\"488\" width=\"650\" class=\"lazyload\" src=\"https:\/\/www.europesays.com\/pt\/wp-content\/uploads\/2025\/12\/playstation-gow-hits-516a60qcr1l-sl500.jpg\" loading=\"lazy\"\/><\/a><\/p>\n<p>Oferta por tempo limitado<\/p>\n<p>9,49 \u20acAmazon<\/p>\n<p>19,99 \u20ac-53%<\/p>\n<p class=\"inline-related-title\">Editores 4gnews recomendam:<\/p>\n","protected":false},"excerpt":{"rendered":"O benef\u00edcio pode ser resgatado diretamente na consola. Entra no nosso canal Telegrame recebe as melhores ofertas ENTRAR&hellip;\n","protected":false},"author":2,"featured_media":206628,"comment_status":"","ping_status":"","sticky":false,"template":"","format":"standard","meta":{"footnotes":""},"categories":[84],"tags":[109,107,108,32,33,105,103,104,106,110],"class_list":{"0":"post-206627","1":"post","2":"type-post","3":"status-publish","4":"format-standard","5":"has-post-thumbnail","7":"category-ciencia-e-tecnologia","8":"tag-ciencia","9":"tag-ciencia-e-tecnologia","10":"tag-cienciaetecnologia","11":"tag-portugal","12":"tag-pt","13":"tag-science","14":"tag-science-and-technology","15":"tag-scienceandtechnology","16":"tag-technology","17":"tag-tecnologia"},"share_on_mastodon":{"url":"https:\/\/pubeurope.com\/@pt\/115803940640420858","error":""},"_links":{"self":[{"href":"https:\/\/www.europesays.com\/pt\/wp-json\/wp\/v2\/posts\/206627","targetHints":{"allow":["GET"]}}],"collection":[{"href":"https:\/\/www.europesays.com\/pt\/wp-json\/wp\/v2\/posts"}],"about":[{"href":"https:\/\/www.europesays.com\/pt\/wp-json\/wp\/v2\/types\/post"}],"author":[{"embeddable":true,"href":"https:\/\/www.europesays.com\/pt\/wp-json\/wp\/v2\/users\/2"}],"replies":[{"embeddable":true,"href":"https:\/\/www.europesays.com\/pt\/wp-json\/wp\/v2\/comments?post=206627"}],"version-history":[{"count":0,"href":"https:\/\/www.europesays.com\/pt\/wp-json\/wp\/v2\/posts\/206627\/revisions"}],"wp:featuredmedia":[{"embeddable":true,"href":"https:\/\/www.europesays.com\/pt\/wp-json\/wp\/v2\/media\/206628"}],"wp:attachment":[{"href":"https:\/\/www.europesays.com\/pt\/wp-json\/wp\/v2\/media?parent=206627"}],"wp:term":[{"taxonomy":"category","embeddable":true,"href":"https:\/\/www.europesays.com\/pt\/wp-json\/wp\/v2\/categories?post=206627"},{"taxonomy":"post_tag","embeddable":true,"href":"https:\/\/www.europesays.com\/pt\/wp-json\/wp\/v2\/tags?post=206627"}],"curies":[{"name":"wp","href":"https:\/\/api.w.org\/{rel}","templated":true}]}}