{"id":206631,"date":"2025-12-29T17:06:16","date_gmt":"2025-12-29T17:06:16","guid":{"rendered":"https:\/\/www.europesays.com\/pt\/206631\/"},"modified":"2025-12-29T17:06:16","modified_gmt":"2025-12-29T17:06:16","slug":"onde-comprar-casa-ficou-mais-barato","status":"publish","type":"post","link":"https:\/\/www.europesays.com\/pt\/206631\/","title":{"rendered":"onde comprar casa ficou mais barato"},"content":{"rendered":"<p class=\"wp-caption-text top\"><a href=\"https:\/\/commons.wikimedia.org\/wiki\/File:Vista_aproximada_para_fachada_principal_dos_CTT_da_Goleg%C3%A3.jpg\" rel=\"nofollow external noopener noreferrer\" data-wpel-link=\"external\" target=\"_blank\" class=\"ext-link\">Threeohsix \/ Wikimedia<\/a><\/p>\n<p><img decoding=\"async\" loading=\"lazy\" class=\"size-kopa-image-size-3 wp-image-719512\" src=\"https:\/\/www.europesays.com\/pt\/wp-content\/uploads\/2025\/12\/083b65e6607fbe9f26648c5e81f6e4ba-783x450.jpg\" alt=\"\" width=\"700\" height=\"402\"  \/><\/p>\n<p class=\"wp-caption-text bot\">Casas na Goleg\u00e3<\/p>\n<p><strong>Ao longo deste ano, em dois concelhos, os valores desceram mais de 10%. Goleg\u00e3, Pampilhosa da Serra e Pombal em destaque.<\/strong><\/p>\n<p>Mais um ano que est\u00e1 a terminar, mais um ano em que os <strong>pre\u00e7os das casas<\/strong> subiram em Portugal. Em diversos s\u00edtios, subiram de forma bem evidente.<\/p>\n<p>Mas tamb\u00e9m houve excep\u00e7\u00f5es: concelhos que registaram uma <strong>descida<\/strong> no pre\u00e7o m\u00e9dio das casas, ao longo de 2025.<\/p>\n<p>O <a href=\"https:\/\/www.idealista.pt\/news\/imobiliario\/habitacao\/2025\/12\/29\/73187-comprar-casa-os-15-municipios-onde-o-preco-mais-desceu-no-ultimo-ano\" data-wpel-link=\"external\" target=\"_blank\" rel=\"nofollow external noopener noreferrer\" class=\"ext-link\">Idealista<\/a> publicou uma lista com as varia\u00e7\u00f5es dos pre\u00e7os das casas, destacando os <strong>15 concelhos<\/strong> (entre 308, recorde-se) onde o valor m\u00e9dio das casas mais desceu neste ano.<\/p>\n<p>A maior descida anual foi registada na <strong>Goleg\u00e3,<\/strong> no distrito de Santar\u00e9m: o pre\u00e7o m\u00e9dio da habita\u00e7\u00e3o caiu para 1.083 euros por metro quadrado, uma quebra expressiva de 15,3%.<\/p>\n<p>A segunda maior descida em 2025 verificou-se em <strong>Pampilhosa da Serra<\/strong>, Coimbra, com uma redu\u00e7\u00e3o de 12,3%, situando-se agora nos 477 euros\/m2.<\/p>\n<p>A completar o p\u00f3dio ficou <strong>Pombal,<\/strong> em Leiria, onde os pre\u00e7os ca\u00edram 8%, fixando-se nos 1.162 euros\/m2.<\/p>\n<p>Com descidas superiores a 5% encontram-se ainda <strong>Alcoutim<\/strong> (-6,7%), <strong>Borba<\/strong> e <strong>Portel,<\/strong> ambos com -5,3%.<\/p>\n<p>Os outros nove concelhos onde o pre\u00e7o das baixou foram: <strong>Gouveia, Chamusca, Avis, Penacova, T\u00e1bua, Figueir\u00f3 dos Vinhos, Melga\u00e7o, Vila Real e Vizela<\/strong>.<\/p>\n<p>Com a descida de 12,3%, e com o pre\u00e7o de 477 euros\/m2,<strong> Pampilhosa da Serra \u00e9 o munic\u00edpio mais barato<\/strong> do pa\u00eds para se comprar casa. O<strong> mais caro \u00e9 Santiago do Cac\u00e9m<\/strong>, em Set\u00fabal: 2.221 euros\/m2.<\/p>\n<p>    <a href=\"https:\/\/zap.aeiou.pt\/subscrever-newsletter\" data-wpel-link=\"internal\" rel=\"nofollow noopener\" target=\"_blank\">&#13;<br \/>\n        <img loading=\"lazy\" decoding=\"async\" class=\"aligncenter size-full wp-image-575475\" src=\"https:\/\/www.europesays.com\/pt\/wp-content\/uploads\/2025\/12\/1765389371_545_2d51fe4a0ba54894421ead1809309ed9-1-450x140.jpg\" alt=\"Subscreva a Newsletter ZAP\" width=\"450\" height=\"140\"\/>&#13;<br \/>\n    <\/a><\/p>\n<p>                <a href=\"https:\/\/whatsapp.com\/channel\/0029VaIC4EE2f3EJZPPSbR34\" data-wpel-link=\"external\" target=\"_blank\" rel=\"nofollow external noopener noreferrer\" class=\"ext-link\">&#13;<br \/>\n                    <img loading=\"lazy\" decoding=\"async\" class=\"aligncenter size-full wp-image-575475\" src=\"https:\/\/www.europesays.com\/pt\/wp-content\/uploads\/2025\/12\/1765389371_770_c68c559d956d4ca20f435ed74a6e71e6.png\" alt=\"Siga-nos no WhatsApp\" width=\"175\" height=\"64\"\/>&#13;<br \/>\n                <\/a><\/p>\n<p>                <a href=\"https:\/\/news.google.com\/publications\/CAAiEHRwZondIV71PDjWNoqMduEqFAgKIhB0cGaJ3SFe9Tw41jaKjHbh?hl=en-US&amp;gl=US&amp;ceid=US%3Aen\" data-wpel-link=\"external\" target=\"_blank\" rel=\"nofollow external noopener noreferrer\" class=\"ext-link\">&#13;<br \/>\n                    <img loading=\"lazy\" decoding=\"async\" class=\"aligncenter size-full wp-image-575475\" src=\"https:\/\/www.europesays.com\/pt\/wp-content\/uploads\/2025\/12\/1765389372_556_5123dd8b087b644fdb8f8603acd1bad4.png\" alt=\"Siga-nos no Google News\" width=\"176\" height=\"64\"\/>&#13;<br \/>\n                <\/a><\/p>\n","protected":false},"excerpt":{"rendered":"Threeohsix \/ Wikimedia Casas na Goleg\u00e3 Ao longo deste ano, em dois concelhos, os valores desceram mais de&hellip;\n","protected":false},"author":2,"featured_media":206632,"comment_status":"","ping_status":"","sticky":false,"template":"","format":"standard","meta":{"footnotes":""},"categories":[10],"tags":[27,28,1359,15,16,456,14,25,26,21,22,12,13,19,20,32,23,24,33,17,18,29,30,31],"class_list":{"0":"post-206631","1":"post","2":"type-post","3":"status-publish","4":"format-standard","5":"has-post-thumbnail","7":"category-portugal","8":"tag-breaking-news","9":"tag-breakingnews","10":"tag-dinheiro","11":"tag-featured-news","12":"tag-featurednews","13":"tag-habitacao","14":"tag-headlines","15":"tag-latest-news","16":"tag-latestnews","17":"tag-main-news","18":"tag-mainnews","19":"tag-news","20":"tag-noticias","21":"tag-noticias-principais","22":"tag-noticiasprincipais","23":"tag-portugal","24":"tag-principais-noticias","25":"tag-principaisnoticias","26":"tag-pt","27":"tag-top-stories","28":"tag-topstories","29":"tag-ultimas","30":"tag-ultimas-noticias","31":"tag-ultimasnoticias"},"share_on_mastodon":{"url":"https:\/\/pubeurope.com\/@pt\/115803952556298592","error":""},"_links":{"self":[{"href":"https:\/\/www.europesays.com\/pt\/wp-json\/wp\/v2\/posts\/206631","targetHints":{"allow":["GET"]}}],"collection":[{"href":"https:\/\/www.europesays.com\/pt\/wp-json\/wp\/v2\/posts"}],"about":[{"href":"https:\/\/www.europesays.com\/pt\/wp-json\/wp\/v2\/types\/post"}],"author":[{"embeddable":true,"href":"https:\/\/www.europesays.com\/pt\/wp-json\/wp\/v2\/users\/2"}],"replies":[{"embeddable":true,"href":"https:\/\/www.europesays.com\/pt\/wp-json\/wp\/v2\/comments?post=206631"}],"version-history":[{"count":0,"href":"https:\/\/www.europesays.com\/pt\/wp-json\/wp\/v2\/posts\/206631\/revisions"}],"wp:featuredmedia":[{"embeddable":true,"href":"https:\/\/www.europesays.com\/pt\/wp-json\/wp\/v2\/media\/206632"}],"wp:attachment":[{"href":"https:\/\/www.europesays.com\/pt\/wp-json\/wp\/v2\/media?parent=206631"}],"wp:term":[{"taxonomy":"category","embeddable":true,"href":"https:\/\/www.europesays.com\/pt\/wp-json\/wp\/v2\/categories?post=206631"},{"taxonomy":"post_tag","embeddable":true,"href":"https:\/\/www.europesays.com\/pt\/wp-json\/wp\/v2\/tags?post=206631"}],"curies":[{"name":"wp","href":"https:\/\/api.w.org\/{rel}","templated":true}]}}