{"id":206636,"date":"2025-12-29T17:11:08","date_gmt":"2025-12-29T17:11:08","guid":{"rendered":"https:\/\/www.europesays.com\/pt\/206636\/"},"modified":"2025-12-29T17:11:08","modified_gmt":"2025-12-29T17:11:08","slug":"pedro-e-liliana-em-troca-de-acusacoes-tento-mudar-e-peco-desculpa-ja-tu-erras-e-orgulhas-te-secret-story","status":"publish","type":"post","link":"https:\/\/www.europesays.com\/pt\/206636\/","title":{"rendered":"Pedro e Liliana em troca de acusa\u00e7\u00f5es: \u00abTento mudar e pe\u00e7o desculpa, j\u00e1 tu erras e orgulhas-te\u00bb &#8211; Secret Story"},"content":{"rendered":"<p>No Secret Story 9, os finalistas estiveram a tirar frases mist\u00e9rio de dentro de uma caixa e deviam de complet\u00e1-las. Pedro aproveitou para fazer um pedido de desculpas a Marisa e Liliana quis comentar. Os dois pegaram-se. Veja tudo.\u00a0<br \/>\u00a0<br \/><strong>A decis\u00e3o est\u00e1 nas suas m\u00e3os! Vote j\u00e1 no seu concorrente favorito atrav\u00e9s da app TVI Reality ou das linhas telef\u00f3nicas e ajude-o a vencer:<\/strong><\/p>\n<p>IN\u00caS 761 20 20 10<\/p>\n<p>LILIANA 761 20 20 14<\/p>\n<p>MARISA 761 20 20 16<\/p>\n<p>PEDRO 761 20 20 18<\/p>\n<p><a href=\"https:\/\/tvi.iol.pt\/secretstory\/aominuto\" rel=\"nofollow noopener\" target=\"_blank\">Veja aqui tudo o que se passa na casa do Secret Story 9<\/a><\/p>\n","protected":false},"excerpt":{"rendered":"No Secret Story 9, os finalistas estiveram a tirar frases mist\u00e9rio de dentro de uma caixa e deviam&hellip;\n","protected":false},"author":2,"featured_media":206637,"comment_status":"","ping_status":"","sticky":false,"template":"","format":"standard","meta":{"footnotes":""},"categories":[142],"tags":[19374,19373,114,115,19016,14646,19375,32,33,151],"class_list":{"0":"post-206636","1":"post","2":"type-post","3":"status-publish","4":"format-standard","5":"has-post-thumbnail","7":"category-tv","8":"tag-confrontos-concorrentes","9":"tag-discussoes-secret-story","10":"tag-entertainment","11":"tag-entretenimento","12":"tag-liliana","13":"tag-pedro","14":"tag-polemicas","15":"tag-portugal","16":"tag-pt","17":"tag-tv"},"share_on_mastodon":{"url":"https:\/\/pubeurope.com\/@pt\/115803972176288743","error":""},"_links":{"self":[{"href":"https:\/\/www.europesays.com\/pt\/wp-json\/wp\/v2\/posts\/206636","targetHints":{"allow":["GET"]}}],"collection":[{"href":"https:\/\/www.europesays.com\/pt\/wp-json\/wp\/v2\/posts"}],"about":[{"href":"https:\/\/www.europesays.com\/pt\/wp-json\/wp\/v2\/types\/post"}],"author":[{"embeddable":true,"href":"https:\/\/www.europesays.com\/pt\/wp-json\/wp\/v2\/users\/2"}],"replies":[{"embeddable":true,"href":"https:\/\/www.europesays.com\/pt\/wp-json\/wp\/v2\/comments?post=206636"}],"version-history":[{"count":0,"href":"https:\/\/www.europesays.com\/pt\/wp-json\/wp\/v2\/posts\/206636\/revisions"}],"wp:featuredmedia":[{"embeddable":true,"href":"https:\/\/www.europesays.com\/pt\/wp-json\/wp\/v2\/media\/206637"}],"wp:attachment":[{"href":"https:\/\/www.europesays.com\/pt\/wp-json\/wp\/v2\/media?parent=206636"}],"wp:term":[{"taxonomy":"category","embeddable":true,"href":"https:\/\/www.europesays.com\/pt\/wp-json\/wp\/v2\/categories?post=206636"},{"taxonomy":"post_tag","embeddable":true,"href":"https:\/\/www.europesays.com\/pt\/wp-json\/wp\/v2\/tags?post=206636"}],"curies":[{"name":"wp","href":"https:\/\/api.w.org\/{rel}","templated":true}]}}