{"id":206654,"date":"2025-12-29T17:21:07","date_gmt":"2025-12-29T17:21:07","guid":{"rendered":"https:\/\/www.europesays.com\/pt\/206654\/"},"modified":"2025-12-29T17:21:07","modified_gmt":"2025-12-29T17:21:07","slug":"russia-acusa-ucrania-de-atacar-residencia-de-putin-e-promete-mudar-a-posicao-negocial","status":"publish","type":"post","link":"https:\/\/www.europesays.com\/pt\/206654\/","title":{"rendered":"R\u00fassia acusa Ucr\u00e2nia de atacar resid\u00eancia de Putin e promete mudar a &#8220;posi\u00e7\u00e3o negocial&#8221;"},"content":{"rendered":"<p>\t                EM ATUALIZA\u00c7\u00c3O<\/p>\n<p>O ministro dos Neg\u00f3cios Estrangeiros da R\u00fassia alegou que um ataque de um drone ucraniano tinha como alvo uma das resid\u00eancias do presidente Vladimir Putin, esta segunda-feira, numa alega\u00e7\u00e3o que foi imediatamente rejeitada por Kiev.<\/p>\n<p>Na sequ\u00eancia do alegado ataque na regi\u00e3o de Novgorod, Sergei Lavrov afirmou que \u201ca posi\u00e7\u00e3o negocial da R\u00fassia ser\u00e1 revista\u201d nas conversa\u00e7\u00f5es de paz em curso para p\u00f4r fim \u00e0 invas\u00e3o da Ucr\u00e2nia por Moscovo. Lavrov disse que n\u00e3o houve danos ou v\u00edtimas do incidente, mas que os militares russos selecionaram alvos para \u201cataques de retalia\u00e7\u00e3o\u201d.<\/p>\n<p>Lavrov disse que as defesas a\u00e9reas russas abateram 91 drones. N\u00e3o confirmou que Putin estivesse em Novgorod na altura. Lavrov afirmou ainda que a R\u00fassia n\u00e3o tenciona retirar-se das negocia\u00e7\u00f5es para p\u00f4r termo \u00e0 guerra na Ucr\u00e2nia.<\/p>\n<p>O presidente ucraniano, Volodymyr Zelensky, rejeitou imediatamente a alega\u00e7\u00e3o de que se tratava de um ataque de drones, considerando-a \u201cuma inven\u00e7\u00e3o completa\u201d da R\u00fassia.<\/p>\n<p>Zelensky salientou que a alega\u00e7\u00e3o surgiu um dia depois de se ter reunido com o Presidente dos EUA, Donald Trump, durante quase tr\u00eas horas na Florida.<\/p>\n<p>Embora as conversa\u00e7\u00f5es n\u00e3o tenham produzido um grande avan\u00e7o, os dois l\u00edderes concordaram na \u00faltima vers\u00e3o do plano de paz que os EUA garantiriam a seguran\u00e7a ucraniana por 15 anos, com a op\u00e7\u00e3o de estender essas garantias, disse Zelensky na segunda-feira.<\/p>\n<p>&#8220;A R\u00fassia est\u00e1 de novo a fazer isso, usando declara\u00e7\u00f5es perigosas para minar todas as conquistas dos nossos esfor\u00e7os diplom\u00e1ticos partilhados com a equipa do Presidente Trump. Continuamos a trabalhar em conjunto para aproximar a paz&#8221;, afirmou Zelensky no X.<\/p>\n<blockquote class=\"twitter-tweet\">\n<p lang=\"en\">Russia is at it again, using dangerous statements to undermine all achievements of our shared diplomatic efforts with President Trump&#8217;s team. We keep working together to bring peace closer.<\/p>\n<p>This alleged &#8220;residence strike&#8221; story is a complete fabrication intended to justify\u2026<\/p>\n<p> \u2014 Volodymyr Zelenskyy \/ \u0412\u043e\u043b\u043e\u0434\u0438\u043c\u0438\u0440 \u0417\u0435\u043b\u0435\u043d\u0441\u044c\u043a\u0438\u0439 (@ZelenskyyUa) <a href=\"https:\/\/twitter.com\/ZelenskyyUa\/status\/2005667779894993080?ref_src=twsrc%5Etfw\" rel=\"nofollow noopener\" target=\"_blank\">December 29, 2025<\/a>\n<\/p><\/blockquote>\n<p>Entretanto, a Casa Branca anunciou na segunda-feira de manh\u00e3 que Trump manteve um \u201ctelefonema positivo\u201d com Putin sobre a Ucr\u00e2nia, mas n\u00e3o forneceu uma transcri\u00e7\u00e3o do telefonema.<\/p>\n<p>EM ATUALIZA\u00c7\u00c3O<\/p>\n<p>\u00a0<\/p>\n<p>\t            <script async src=\"https:\/\/platform.twitter.com\/widgets.js\" charset=\"utf-8\"><\/script><\/p>\n","protected":false},"excerpt":{"rendered":"EM ATUALIZA\u00c7\u00c3O O ministro dos Neg\u00f3cios Estrangeiros da R\u00fassia alegou que um ataque de um drone ucraniano tinha&hellip;\n","protected":false},"author":2,"featured_media":206655,"comment_status":"","ping_status":"","sticky":false,"template":"","format":"standard","meta":{"footnotes":""},"categories":[8],"tags":[609,836,611,27,28,607,608,333,832,604,135,610,476,15,16,301,830,889,14,603,25,26,570,21,22,831,833,62,834,12,13,19,20,835,602,52,32,23,24,33,839,17,18,840,29,30,31,2415],"class_list":{"0":"post-206654","1":"post","2":"type-post","3":"status-publish","4":"format-standard","5":"has-post-thumbnail","7":"category-principais-noticias","8":"tag-alerta","9":"tag-analise","10":"tag-ao-minuto","11":"tag-breaking-news","12":"tag-breakingnews","13":"tag-cnn","14":"tag-cnn-portugal","15":"tag-comentadores","16":"tag-costa","17":"tag-crime","18":"tag-desporto","19":"tag-direto","20":"tag-economia","21":"tag-featured-news","22":"tag-featurednews","23":"tag-governo","24":"tag-guerra","25":"tag-guerra-na-ucrania","26":"tag-headlines","27":"tag-justica","28":"tag-latest-news","29":"tag-latestnews","30":"tag-live","31":"tag-main-news","32":"tag-mainnews","33":"tag-mais-vistas","34":"tag-marcelo","35":"tag-mundo","36":"tag-negocios","37":"tag-news","38":"tag-noticias","39":"tag-noticias-principais","40":"tag-noticiasprincipais","41":"tag-opiniao","42":"tag-pais","43":"tag-politica","44":"tag-portugal","45":"tag-principais-noticias","46":"tag-principaisnoticias","47":"tag-pt","48":"tag-russia","49":"tag-top-stories","50":"tag-topstories","51":"tag-ucrania","52":"tag-ultimas","53":"tag-ultimas-noticias","54":"tag-ultimasnoticias","55":"tag-vladimir-putin"},"share_on_mastodon":{"url":"","error":"Validation failed: Text character limit of 500 exceeded"},"_links":{"self":[{"href":"https:\/\/www.europesays.com\/pt\/wp-json\/wp\/v2\/posts\/206654","targetHints":{"allow":["GET"]}}],"collection":[{"href":"https:\/\/www.europesays.com\/pt\/wp-json\/wp\/v2\/posts"}],"about":[{"href":"https:\/\/www.europesays.com\/pt\/wp-json\/wp\/v2\/types\/post"}],"author":[{"embeddable":true,"href":"https:\/\/www.europesays.com\/pt\/wp-json\/wp\/v2\/users\/2"}],"replies":[{"embeddable":true,"href":"https:\/\/www.europesays.com\/pt\/wp-json\/wp\/v2\/comments?post=206654"}],"version-history":[{"count":0,"href":"https:\/\/www.europesays.com\/pt\/wp-json\/wp\/v2\/posts\/206654\/revisions"}],"wp:featuredmedia":[{"embeddable":true,"href":"https:\/\/www.europesays.com\/pt\/wp-json\/wp\/v2\/media\/206655"}],"wp:attachment":[{"href":"https:\/\/www.europesays.com\/pt\/wp-json\/wp\/v2\/media?parent=206654"}],"wp:term":[{"taxonomy":"category","embeddable":true,"href":"https:\/\/www.europesays.com\/pt\/wp-json\/wp\/v2\/categories?post=206654"},{"taxonomy":"post_tag","embeddable":true,"href":"https:\/\/www.europesays.com\/pt\/wp-json\/wp\/v2\/tags?post=206654"}],"curies":[{"name":"wp","href":"https:\/\/api.w.org\/{rel}","templated":true}]}}