{"id":206660,"date":"2025-12-29T17:26:11","date_gmt":"2025-12-29T17:26:11","guid":{"rendered":"https:\/\/www.europesays.com\/pt\/206660\/"},"modified":"2025-12-29T17:26:11","modified_gmt":"2025-12-29T17:26:11","slug":"radio-educadora-fm-dois-vizinhos-pr-34","status":"publish","type":"post","link":"https:\/\/www.europesays.com\/pt\/206660\/","title":{"rendered":"R\u00e1dio Educadora FM &#8211; Dois Vizinhos PR."},"content":{"rendered":"<p style=\"text-align: justify;\">Mais um filhote de Jaguatirica foi encontrado morto na estrada que liga Dois Vizinhos a Boa Esperan\u00e7a do Igua\u00e7u, nas proximidades da UTFPR. O animal foi encontrado por um popular que passava pelo local na manh\u00e3 neste domingo, dia 28. O felino que possivelmente foi v\u00edtima de atropelamento j\u00e1 estava sem vida quando foi localizado. Em menos de um m\u00eas, pelo menos tr\u00eas animais desta mesma esp\u00e9cie foram encontrados mortos (atropelados) neste mesmo trajeto. Isso acende um alerta para que as autoridades locais busquem solu\u00e7\u00f5es para evitar que ocorr\u00eancias como estas continuem sendo registradas. <br \/>Algumas solu\u00e7\u00f5es simples e pr\u00e1ticas:<br \/>&#8211; Cercamento, com estruturas instaladas entre a rodovia e o ambiente do entorno, de forma a impedir o acesso dos animais \u00e0 pista e conduzi-los \u00e0s estruturas de travessia seguras. Passagens de fauna associadas a cercas direcionadoras;<br \/>&#8211; Viadutos vegetados para a fauna: s\u00e3o estruturas constru\u00eddas sobre as rodovias e ferrovias para manter a conectividade dos habitats, servindo tanto como passagem de fauna, como habitat intermedi\u00e1rio para pequenas esp\u00e9cies.<br \/>Rep\u00f3rter Islan Roque\/Portal Educadora<\/p>\n","protected":false},"excerpt":{"rendered":"Mais um filhote de Jaguatirica foi encontrado morto na estrada que liga Dois Vizinhos a Boa Esperan\u00e7a do&hellip;\n","protected":false},"author":2,"featured_media":206661,"comment_status":"","ping_status":"","sticky":false,"template":"","format":"standard","meta":{"footnotes":""},"categories":[141],"tags":[3050,3056,3054,3055,3051,3052,114,115,1914,1915,149,150,3053,32,33,766],"class_list":{"0":"post-206660","1":"post","2":"type-post","3":"status-publish","4":"format-standard","5":"has-post-thumbnail","7":"category-musica","8":"tag-am","9":"tag-ao-vivo","10":"tag-dois-vizinhos","11":"tag-doisvizinhos","12":"tag-educadora","13":"tag-educadoradv","14":"tag-entertainment","15":"tag-entretenimento","16":"tag-fm","17":"tag-mp3","18":"tag-music","19":"tag-musica","20":"tag-player","21":"tag-portugal","22":"tag-pt","23":"tag-radio"},"share_on_mastodon":{"url":"https:\/\/pubeurope.com\/@pt\/115804031368845541","error":""},"_links":{"self":[{"href":"https:\/\/www.europesays.com\/pt\/wp-json\/wp\/v2\/posts\/206660","targetHints":{"allow":["GET"]}}],"collection":[{"href":"https:\/\/www.europesays.com\/pt\/wp-json\/wp\/v2\/posts"}],"about":[{"href":"https:\/\/www.europesays.com\/pt\/wp-json\/wp\/v2\/types\/post"}],"author":[{"embeddable":true,"href":"https:\/\/www.europesays.com\/pt\/wp-json\/wp\/v2\/users\/2"}],"replies":[{"embeddable":true,"href":"https:\/\/www.europesays.com\/pt\/wp-json\/wp\/v2\/comments?post=206660"}],"version-history":[{"count":0,"href":"https:\/\/www.europesays.com\/pt\/wp-json\/wp\/v2\/posts\/206660\/revisions"}],"wp:featuredmedia":[{"embeddable":true,"href":"https:\/\/www.europesays.com\/pt\/wp-json\/wp\/v2\/media\/206661"}],"wp:attachment":[{"href":"https:\/\/www.europesays.com\/pt\/wp-json\/wp\/v2\/media?parent=206660"}],"wp:term":[{"taxonomy":"category","embeddable":true,"href":"https:\/\/www.europesays.com\/pt\/wp-json\/wp\/v2\/categories?post=206660"},{"taxonomy":"post_tag","embeddable":true,"href":"https:\/\/www.europesays.com\/pt\/wp-json\/wp\/v2\/tags?post=206660"}],"curies":[{"name":"wp","href":"https:\/\/api.w.org\/{rel}","templated":true}]}}