{"id":206662,"date":"2025-12-29T17:27:07","date_gmt":"2025-12-29T17:27:07","guid":{"rendered":"https:\/\/www.europesays.com\/pt\/206662\/"},"modified":"2025-12-29T17:27:07","modified_gmt":"2025-12-29T17:27:07","slug":"trilogia-o-senhor-dos-aneis-voltara-aos-cinemas-em-janeiro-de-2026","status":"publish","type":"post","link":"https:\/\/www.europesays.com\/pt\/206662\/","title":{"rendered":"Trilogia O Senhor dos An\u00e9is voltar\u00e1 aos cinemas em janeiro de 2026"},"content":{"rendered":"<p class=\"wp-block-yoast-seo-estimated-reading-time yoast-reading-time__wrapper\">Estimated reading time: 2 minutos<\/p>\n<p>A <a href=\"https:\/\/ovicio.com.br\/tag\/Warner-Bros-Pictures\/\" target=\"_blank\" rel=\"noreferrer noopener nofollow\">Warner Bros. Pictures<\/a> est\u00e1 preparando um grande evento para celebrar os 25 anos de <strong>A Sociedade do Anel (2001)<\/strong>, e isso envolve o relan\u00e7amento dos tr\u00eas filmes de <a href=\"https:\/\/ovicio.com.br\/tag\/o-senhor-dos-aneis\/\" target=\"_blank\" rel=\"noreferrer noopener nofollow\">O Senhor dos An\u00e9is<\/a>\u00a0nos cinemas brasileiros.<\/p>\n<p>A trilogia completa vai voltar aos cinemas em <strong>22 de janeiro<\/strong>, com todos os filmes sendo exibidos em suas vers\u00f5es estendidas.<\/p>\n<p>Se voc\u00ea \u00e9 f\u00e3 a ponto de topar passar um dia inteiro no cinema, v\u00e1 logo montando a sua programa\u00e7\u00e3o.<\/p>\n<p>Todos dirigidos por <strong>Peter Jackson<\/strong>, os tr\u00eas filmes de<strong> O Senhor dos An\u00e9is<\/strong> s\u00e3o verdadeiros cl\u00e1ssicos de Hollywood. S\u00e3o todos famosos por serem \u00e9picos desapegados da dura\u00e7\u00e3o comercial. Juntas, as vers\u00f5es estendidas t\u00eam <strong>12h6<\/strong>.<\/p>\n<p>Leia mais sobre O Senhor dos An\u00e9is<\/p>\n<p><strong>Fonte:<\/strong> <a href=\"https:\/\/www.filmeb.com.br\/calendario-de-estreias\/relancamento-o-senhor-dos-aneis-maratona-de-25-anos\" target=\"_blank\" rel=\"noreferrer noopener nofollow\">Filme B<\/a><\/p>\n","protected":false},"excerpt":{"rendered":"Estimated reading time: 2 minutos A Warner Bros. Pictures est\u00e1 preparando um grande evento para celebrar os 25&hellip;\n","protected":false},"author":2,"featured_media":206663,"comment_status":"","ping_status":"","sticky":false,"template":"","format":"standard","meta":{"footnotes":""},"categories":[140],"tags":[114,115,147,148,40728,146,13537,16698,40729,32,33,32504,16703,16809,37695],"class_list":{"0":"post-206662","1":"post","2":"type-post","3":"status-publish","4":"format-standard","5":"has-post-thumbnail","7":"category-filmes","8":"tag-entertainment","9":"tag-entretenimento","10":"tag-film","11":"tag-filmes","12":"tag-lord-of-the-rings-the-hunt-for-gollum","13":"tag-movies","14":"tag-o-senhor-dos-aneis","15":"tag-o-senhor-dos-aneis-a-cacada-por-gollum","16":"tag-o-senhor-dos-aneis-o-retorno-do-rei","17":"tag-portugal","18":"tag-pt","19":"tag-senhor-dos-aneis","20":"tag-viggo-mortensen","21":"tag-warner-bros-discovery","22":"tag-warner-bros-pictures"},"share_on_mastodon":{"url":"https:\/\/pubeurope.com\/@pt\/115804035459229100","error":""},"_links":{"self":[{"href":"https:\/\/www.europesays.com\/pt\/wp-json\/wp\/v2\/posts\/206662","targetHints":{"allow":["GET"]}}],"collection":[{"href":"https:\/\/www.europesays.com\/pt\/wp-json\/wp\/v2\/posts"}],"about":[{"href":"https:\/\/www.europesays.com\/pt\/wp-json\/wp\/v2\/types\/post"}],"author":[{"embeddable":true,"href":"https:\/\/www.europesays.com\/pt\/wp-json\/wp\/v2\/users\/2"}],"replies":[{"embeddable":true,"href":"https:\/\/www.europesays.com\/pt\/wp-json\/wp\/v2\/comments?post=206662"}],"version-history":[{"count":0,"href":"https:\/\/www.europesays.com\/pt\/wp-json\/wp\/v2\/posts\/206662\/revisions"}],"wp:featuredmedia":[{"embeddable":true,"href":"https:\/\/www.europesays.com\/pt\/wp-json\/wp\/v2\/media\/206663"}],"wp:attachment":[{"href":"https:\/\/www.europesays.com\/pt\/wp-json\/wp\/v2\/media?parent=206662"}],"wp:term":[{"taxonomy":"category","embeddable":true,"href":"https:\/\/www.europesays.com\/pt\/wp-json\/wp\/v2\/categories?post=206662"},{"taxonomy":"post_tag","embeddable":true,"href":"https:\/\/www.europesays.com\/pt\/wp-json\/wp\/v2\/tags?post=206662"}],"curies":[{"name":"wp","href":"https:\/\/api.w.org\/{rel}","templated":true}]}}