{"id":206668,"date":"2025-12-29T17:30:07","date_gmt":"2025-12-29T17:30:07","guid":{"rendered":"https:\/\/www.europesays.com\/pt\/206668\/"},"modified":"2025-12-29T17:30:07","modified_gmt":"2025-12-29T17:30:07","slug":"natal-tragico-influenciadora-enfrenta-dor-novamente-com-morte-da-filha-molly-um-ano-depois-de-ter-perdido-abigail-celebridades","status":"publish","type":"post","link":"https:\/\/www.europesays.com\/pt\/206668\/","title":{"rendered":"Natal tr\u00e1gico: influenciadora enfrenta dor novamente com morte da filha Molly, um ano depois de ter perdido Abigail &#8211; Celebridades"},"content":{"rendered":"<p class=\"\">&#13;<br \/>\n        <strong data-start=\"121\" data-end=\"212\">Influenciadora Melissa Mae enfrenta nova trag\u00e9dia familiar com morte da filha mais nova<\/strong>&#13;\n    <\/p>\n<p class=\"\">&#13;<br \/>\n        A <b>influenciadora canadiana Melissa Mae Carlton anunciou nas redes sociais uma not\u00edcia devastadora: a morte da filha mais nova, Molly<\/b>, ocorrida no dia de Natal. A trag\u00e9dia surge <b>cerca de um ano depois de a fam\u00edlia ter perdido outra filha, Abigail, na altura com 9 anos<\/b>.&#13;\n    <\/p>\n<p class=\"\">&#13;<br \/>\n        Numa publica\u00e7\u00e3o emotiva, acompanhada por v\u00e1rias fotografias de fam\u00edlia, Melissa Carlton partilhou a dor do momento e encontrou algum conforto na f\u00e9. &#8220;Na manh\u00e3 de Natal, a nossa doce Molly e a irm\u00e3 mais velha dela, Abi, reencontraram-se. \u00c9 a \u00fanica coisa que me d\u00e1 algum sentido de conforto&#8221;, escreveu. A influenciadora revelou ainda que Molly sentia muitas saudades da irm\u00e3 e perguntava frequentemente: &#8220;Mam\u00e3, quando Jesus vai voltar para que a Abi possa vir?&#8221;&#13;\n    <\/p>\n<p class=\"\">&#13;<br \/>\n        Abigail morreu em abril de 2024, ap\u00f3s uma batalha contra uma s\u00e9psis. Quanto \u00e0 morte de Molly, cuja idade n\u00e3o foi divulgada, a causa ainda n\u00e3o foi oficialmente confirmada. No entanto, Melissa Carlton explicou que os m\u00e9dicos suspeitam de uma condi\u00e7\u00e3o card\u00edaca gen\u00e9tica, que poder\u00e1 ter estado na origem de ambas as mortes. &#8220;Os m\u00e9dicos acreditam que a Molly tinha uma condi\u00e7\u00e3o card\u00edaca gen\u00e9tica e suspeitam que tamb\u00e9m possa ter sido a causa da morte da Abi&#8221;, afirmou, acrescentando que decidiu partilhar a informa\u00e7\u00e3o por considerar que pode ser crucial para outras fam\u00edlias afetadas pela S\u00edndrome da Morte S\u00fabita Infantil.&#13;\n    <\/p>\n<p class=\"\">&#13;<br \/>\n        Visivelmente abalada, Melissa Carlton n\u00e3o escondeu o impacto emocional da perda. &#8220;Estamos devastados. Em choque, confusos. Sinto-me paralisada. N\u00e3o consigo aceitar que isto \u00e9 real. N\u00e3o estou preparada para esta dor&#8221;, confessou.&#13;\n    <\/p>\n<p class=\"\">&#13;<br \/>\n        Al\u00e9m de Abigail e Molly, Melissa Mae e o marido, Tom Carlton, s\u00e3o pais de Harry e Lily. A influenciadora, que conta com mais de 100 mil seguidores no Instagram, costuma partilhar momentos do quotidiano, da fam\u00edlia e da sua loja de arte, mostrando agora uma realidade marcada por dor e resili\u00eancia.&#13;\n    <\/p>\n<p>        &#13;<br \/>\n            Saber mais sobre&#13;<br \/>\n            &#13;<br \/>\n            &#13;<\/p>\n<p>    &#13;<br \/>\n        &#13;<br \/>\n        &#13;<br \/>\n&#13;<\/p>\n","protected":false},"excerpt":{"rendered":"&#13; Influenciadora Melissa Mae enfrenta nova trag\u00e9dia familiar com morte da filha mais nova&#13; &#13; A influenciadora canadiana&hellip;\n","protected":false},"author":2,"featured_media":206669,"comment_status":"","ping_status":"","sticky":false,"template":"","format":"standard","meta":{"footnotes":""},"categories":[85],"tags":[114,115,2217,18731,40730,1437,32,33],"class_list":{"0":"post-206668","1":"post","2":"type-post","3":"status-publish","4":"format-standard","5":"has-post-thumbnail","7":"category-entretenimento","8":"tag-entertainment","9":"tag-entretenimento","10":"tag-genetica","11":"tag-influenciadores","12":"tag-melissa-carlton","13":"tag-morte","14":"tag-portugal","15":"tag-pt"},"share_on_mastodon":{"url":"https:\/\/pubeurope.com\/@pt\/115804046987701138","error":""},"_links":{"self":[{"href":"https:\/\/www.europesays.com\/pt\/wp-json\/wp\/v2\/posts\/206668","targetHints":{"allow":["GET"]}}],"collection":[{"href":"https:\/\/www.europesays.com\/pt\/wp-json\/wp\/v2\/posts"}],"about":[{"href":"https:\/\/www.europesays.com\/pt\/wp-json\/wp\/v2\/types\/post"}],"author":[{"embeddable":true,"href":"https:\/\/www.europesays.com\/pt\/wp-json\/wp\/v2\/users\/2"}],"replies":[{"embeddable":true,"href":"https:\/\/www.europesays.com\/pt\/wp-json\/wp\/v2\/comments?post=206668"}],"version-history":[{"count":0,"href":"https:\/\/www.europesays.com\/pt\/wp-json\/wp\/v2\/posts\/206668\/revisions"}],"wp:featuredmedia":[{"embeddable":true,"href":"https:\/\/www.europesays.com\/pt\/wp-json\/wp\/v2\/media\/206669"}],"wp:attachment":[{"href":"https:\/\/www.europesays.com\/pt\/wp-json\/wp\/v2\/media?parent=206668"}],"wp:term":[{"taxonomy":"category","embeddable":true,"href":"https:\/\/www.europesays.com\/pt\/wp-json\/wp\/v2\/categories?post=206668"},{"taxonomy":"post_tag","embeddable":true,"href":"https:\/\/www.europesays.com\/pt\/wp-json\/wp\/v2\/tags?post=206668"}],"curies":[{"name":"wp","href":"https:\/\/api.w.org\/{rel}","templated":true}]}}