{"id":206670,"date":"2025-12-29T17:31:12","date_gmt":"2025-12-29T17:31:12","guid":{"rendered":"https:\/\/www.europesays.com\/pt\/206670\/"},"modified":"2025-12-29T17:31:12","modified_gmt":"2025-12-29T17:31:12","slug":"aquecimento-global-pode-fazer-milhares-de-geleiras-sumirem-ate-2050","status":"publish","type":"post","link":"https:\/\/www.europesays.com\/pt\/206670\/","title":{"rendered":"Aquecimento global pode fazer milhares de geleiras sumirem at\u00e9 2050"},"content":{"rendered":"<p>Respons\u00e1veis por armazenar \u00e1gua e ajudar a regular o clima global, <a href=\"https:\/\/www.metropoles.com\/ciencia\/antartida-colapso-geleira-apocalipse\" target=\"_blank\" rel=\"noopener nofollow\">milhares de geleiras<\/a> podem desaparecer ano ap\u00f3s ano nas pr\u00f3ximas d\u00e9cadas. A descoberta feita por pesquisadores do Instituto Federal de Tecnologia de Zurique (ETH Zurique), na Su\u00ed\u00e7a, aponta para a urg\u00eancia de controlar o aquecimento global para evitar uma trag\u00e9dia ambiental.<\/p>\n<p>O estudo liderado pelo glaciologista Lander Van Tricht, do ETH Zurique, foi publicado na revista cient\u00edfica <a href=\"https:\/\/www.nature.com\/articles\/s41558-025-02513-9\" target=\"_blank\" rel=\"noopener nofollow\">Nature Climate Change<\/a> em 15 de dezembro.\u00a0De acordo com a an\u00e1lise, a depender da temperatura global, 4 mil geleiras podem desaparecer a cada ano at\u00e9 a d\u00e9cada de 2050.<\/p>\n<p>Para os cientistas, as a\u00e7\u00f5es mundiais contra as mudan\u00e7as clim\u00e1ticas determinar\u00e3o a quantidade de blocos de gelo a serem salvos.<\/p>\n<blockquote><p>\u201cNossos resultados refor\u00e7am a urg\u00eancia de pol\u00edticas clim\u00e1ticas ambiciosas. O desaparecimento de cada geleira pode ter <a href=\"https:\/\/www.metropoles.com\/ciencia\/por-que-derretimento-geleiras-ruim\" target=\"_blank\" rel=\"noopener nofollow\">grandes impactos<\/a> locais, mesmo que sua contribui\u00e7\u00e3o para o derretimento da neve seja pequena\u201d, afirma Van Tricht em comunicado.<\/p><\/blockquote>\n<p>Temperatura global interfere no futuro das geleiras<\/p>\n<p>Diferentemente de estudos anteriores que se concentram em investigar a <a href=\"https:\/\/www.metropoles.com\/ciencia\/antartida-sem-todo-o-gelo-terra\" target=\"_blank\" rel=\"noopener nofollow\">perda de massa<\/a> e \u00e1rea de grandes geleiras, a equipe de pesquisa do ETH Zurique investigou quantos exemplares menores poderiam derreter anualmente neste s\u00e9culo. Apesar de n\u00e3o afetar tanto o n\u00edvel do mar, o derretimento deles pode afetar o turismo e cultural local.<\/p>\n<p>Os contornos de 211.490 geleiras foram analisados atrav\u00e9s de imagens de sat\u00e9lites pertencentes a um banco global de dados. O objetivo era investigar o ano em que o maior n\u00famero delas poderia desaparecer. Atualmente, cerca de mil blocos de gelo derretem anualmente.<\/p>\n<p>Modelos computacionais simularam diferentes cen\u00e1rios em que a temperatura global era maior ou menor, dependendo do avan\u00e7o do aquecimento global.<\/p>\n<p>Se a temperatura se elevar apenas 1,5\u00baC, 2 mil geleiras sumir\u00e3o anualmente a partir de 2041. Assim, restariam 95 mil delas no mundo inteiro at\u00e9 2100.\u00a0Se o aquecimento chegar a 2,7\u00baC, aproximadamente 3 mil geleiras desaparecer\u00e3o a cada ano entre 2040 e 2060, um ritmo que levaria a cerca de 43 mil sobreviventes at\u00e9 2100.<\/p>\n<p>J\u00e1 em um cen\u00e1rio com uma eleva\u00e7\u00e3o de 4\u00baC, at\u00e9 4 mil blocos de gelo podem ir embora anualmente, restando apenas pouco mais de 18 mil at\u00e9 o final do s\u00e9culo.<\/p>\n<p>Para os cientistas, os resultados demonstram a urg\u00eancia da antecipa\u00e7\u00e3o dos compromissos clim\u00e1ticos mundiais para proteger o meio ambiente e as culturas ligadas ao clima glacial. \u201cA perda de geleiras de que estamos falando aqui \u00e9 mais do que apenas uma preocupa\u00e7\u00e3o cient\u00edfica. Ela realmente toca nossos cora\u00e7\u00f5es\u201d, finaliza o coautor do artigo, Matthias Huss, da ETH Zurique.<\/p>\n","protected":false},"excerpt":{"rendered":"Respons\u00e1veis por armazenar \u00e1gua e ajudar a regular o clima global, milhares de geleiras podem desaparecer ano ap\u00f3s&hellip;\n","protected":false},"author":2,"featured_media":206671,"comment_status":"","ping_status":"","sticky":false,"template":"","format":"standard","meta":{"footnotes":""},"categories":[84],"tags":[109,107,108,32,33,105,103,104,106,110],"class_list":{"0":"post-206670","1":"post","2":"type-post","3":"status-publish","4":"format-standard","5":"has-post-thumbnail","7":"category-ciencia-e-tecnologia","8":"tag-ciencia","9":"tag-ciencia-e-tecnologia","10":"tag-cienciaetecnologia","11":"tag-portugal","12":"tag-pt","13":"tag-science","14":"tag-science-and-technology","15":"tag-scienceandtechnology","16":"tag-technology","17":"tag-tecnologia"},"share_on_mastodon":{"url":"https:\/\/pubeurope.com\/@pt\/115804050737845863","error":""},"_links":{"self":[{"href":"https:\/\/www.europesays.com\/pt\/wp-json\/wp\/v2\/posts\/206670","targetHints":{"allow":["GET"]}}],"collection":[{"href":"https:\/\/www.europesays.com\/pt\/wp-json\/wp\/v2\/posts"}],"about":[{"href":"https:\/\/www.europesays.com\/pt\/wp-json\/wp\/v2\/types\/post"}],"author":[{"embeddable":true,"href":"https:\/\/www.europesays.com\/pt\/wp-json\/wp\/v2\/users\/2"}],"replies":[{"embeddable":true,"href":"https:\/\/www.europesays.com\/pt\/wp-json\/wp\/v2\/comments?post=206670"}],"version-history":[{"count":0,"href":"https:\/\/www.europesays.com\/pt\/wp-json\/wp\/v2\/posts\/206670\/revisions"}],"wp:featuredmedia":[{"embeddable":true,"href":"https:\/\/www.europesays.com\/pt\/wp-json\/wp\/v2\/media\/206671"}],"wp:attachment":[{"href":"https:\/\/www.europesays.com\/pt\/wp-json\/wp\/v2\/media?parent=206670"}],"wp:term":[{"taxonomy":"category","embeddable":true,"href":"https:\/\/www.europesays.com\/pt\/wp-json\/wp\/v2\/categories?post=206670"},{"taxonomy":"post_tag","embeddable":true,"href":"https:\/\/www.europesays.com\/pt\/wp-json\/wp\/v2\/tags?post=206670"}],"curies":[{"name":"wp","href":"https:\/\/api.w.org\/{rel}","templated":true}]}}