{"id":206674,"date":"2025-12-29T17:34:27","date_gmt":"2025-12-29T17:34:27","guid":{"rendered":"https:\/\/www.europesays.com\/pt\/206674\/"},"modified":"2025-12-29T17:34:27","modified_gmt":"2025-12-29T17:34:27","slug":"cartaz-de-ventura-troca-ciganos-por-minorias-do-costume-observador","status":"publish","type":"post","link":"https:\/\/www.europesays.com\/pt\/206674\/","title":{"rendered":"Cartaz de Ventura troca &#8220;ciganos&#8221; por &#8220;minorias do costume&#8221; \u2013 Observador"},"content":{"rendered":"<p>Andr\u00e9 Ventura colocou um novo cartaz nas ruas, no \u00e2mbito das elei\u00e7\u00f5es presidenciais, onde se l\u00ea \u201cAs minorias \u2018do costume\u2019 t\u00eam de cumprir a lei\u201d. O mais recente outdoor surge no seguimento da decis\u00e3o do Tribunal Local C\u00edvel de Lisboa, que deu raz\u00e3o \u00e0 queixa apresentada por seis associa\u00e7\u00f5es representativas da comunidade cigana e obrigou o candidato presidencial a retirar os cartazes.<\/p>\n<p>Mesmo com a decis\u00e3o da justi\u00e7a, Andr\u00e9 Ventura n\u00e3o o fez e apresentou um requerimento com o objetivo de suspender a decis\u00e3o judicial, alegando ter o \u201cdireito \u00e0 liberdade de express\u00e3o\u201d limitado pela ordem\u201d dada.<\/p>\n<p>Ainda que n\u00e3o tenha retirado os cartazes com refer\u00eancias \u00e0 comunidade cigana das ruas, estreou um novo esta segunda-feira, exatamente no mesmo sentido. No\u00a0v\u00eddeo que publicou nas redes sociais \u2014 onde surge em cima de um escadote\u00a0 a simular a coloca\u00e7\u00e3o do outdoor \u2014 deixa a quest\u00e3o: \u201cE assim, ser\u00e1 que pode ser ou tamb\u00e9m v\u00e3o ficar melindrados?\u201d<\/p>\n<p>No primeiro grupo de cartazes colocados pelo candidato Andr\u00e9 Ventura existia um em que se lia \u201cOs ciganos t\u00eam de cumprir a lei\u201d e que levou seis associa\u00e7\u00f5es representativas da comunidade cigana a fazerem queixa. Com o tribunal a dar raz\u00e3o \u00e0 queixa, Ventura viu-se obrigado a retirar os cartazes em 24 horas, com uma multa associada de 2.500 euros por dia por cartaz.<\/p>\n<p>A ju\u00edza argumentou que n\u00e3o \u00e9 negado o direito \u00e0 liberdade de express\u00e3o, nem \u00e0 liberdade de express\u00e3o pol\u00edtica de Andr\u00e9 Ventura, mas que lhe \u00e9 exigido que o exer\u00e7a com \u201cresponsabilidade no sentido da prote\u00e7\u00e3o dos direitos humanos de todos e no sentido do combate \u00e0 discrimina\u00e7\u00e3o, designadamente racial ou \u00e9tnica\u201d.<\/p>\n<p>Ventura reagiu rapidamente, ainda antes de anunciar o recurso, sublinhando que \u201cn\u00e3o \u00e9 poss\u00edvel que vivamos num pa\u00eds onde um tribunal acha que os ciganos n\u00e3o t\u00eam que cumprir a lei\u201d.<\/p>\n<blockquote class=\"wp-embedded-content\" data-secret=\"1ZSMpwAUGG\">\n<p><a href=\"https:\/\/observador.pt\/2025\/12\/22\/tribunal-ordena-que-ventura-retire-cartazes-sobre-comunidade-cigana\/\" rel=\"nofollow noopener\" target=\"_blank\">Tribunal ordena que Ventura retire cartazes sobre comunidade cigana<\/a><\/p>\n<\/blockquote>\n","protected":false},"excerpt":{"rendered":"Andr\u00e9 Ventura colocou um novo cartaz nas ruas, no \u00e2mbito das elei\u00e7\u00f5es presidenciais, onde se l\u00ea \u201cAs minorias&hellip;\n","protected":false},"author":2,"featured_media":206675,"comment_status":"","ping_status":"","sticky":false,"template":"","format":"standard","meta":{"footnotes":""},"categories":[10],"tags":[3368,27,28,1077,15,16,14,25,26,21,22,12,13,19,20,3369,302,32,1076,23,24,33,17,18,29,30,31],"class_list":{"0":"post-206674","1":"post","2":"type-post","3":"status-publish","4":"format-standard","5":"has-post-thumbnail","7":"category-portugal","8":"tag-andru00e9-ventura","9":"tag-breaking-news","10":"tag-breakingnews","11":"tag-eleiu00e7u00f5es","12":"tag-featured-news","13":"tag-featurednews","14":"tag-headlines","15":"tag-latest-news","16":"tag-latestnews","17":"tag-main-news","18":"tag-mainnews","19":"tag-news","20":"tag-noticias","21":"tag-noticias-principais","22":"tag-noticiasprincipais","23":"tag-partido-chega","24":"tag-polu00edtica","25":"tag-portugal","26":"tag-presidenciais-2026","27":"tag-principais-noticias","28":"tag-principaisnoticias","29":"tag-pt","30":"tag-top-stories","31":"tag-topstories","32":"tag-ultimas","33":"tag-ultimas-noticias","34":"tag-ultimasnoticias"},"share_on_mastodon":{"url":"https:\/\/pubeurope.com\/@pt\/115804062565410806","error":""},"_links":{"self":[{"href":"https:\/\/www.europesays.com\/pt\/wp-json\/wp\/v2\/posts\/206674","targetHints":{"allow":["GET"]}}],"collection":[{"href":"https:\/\/www.europesays.com\/pt\/wp-json\/wp\/v2\/posts"}],"about":[{"href":"https:\/\/www.europesays.com\/pt\/wp-json\/wp\/v2\/types\/post"}],"author":[{"embeddable":true,"href":"https:\/\/www.europesays.com\/pt\/wp-json\/wp\/v2\/users\/2"}],"replies":[{"embeddable":true,"href":"https:\/\/www.europesays.com\/pt\/wp-json\/wp\/v2\/comments?post=206674"}],"version-history":[{"count":0,"href":"https:\/\/www.europesays.com\/pt\/wp-json\/wp\/v2\/posts\/206674\/revisions"}],"wp:featuredmedia":[{"embeddable":true,"href":"https:\/\/www.europesays.com\/pt\/wp-json\/wp\/v2\/media\/206675"}],"wp:attachment":[{"href":"https:\/\/www.europesays.com\/pt\/wp-json\/wp\/v2\/media?parent=206674"}],"wp:term":[{"taxonomy":"category","embeddable":true,"href":"https:\/\/www.europesays.com\/pt\/wp-json\/wp\/v2\/categories?post=206674"},{"taxonomy":"post_tag","embeddable":true,"href":"https:\/\/www.europesays.com\/pt\/wp-json\/wp\/v2\/tags?post=206674"}],"curies":[{"name":"wp","href":"https:\/\/api.w.org\/{rel}","templated":true}]}}